{"id":9736,"date":"2026-04-29T18:49:56","date_gmt":"2026-04-29T16:49:56","guid":{"rendered":"https:\/\/www.areabesos.com\/diario\/?p=9736"},"modified":"2026-04-29T18:49:57","modified_gmt":"2026-04-29T16:49:57","slug":"area-besos-352-abril-2026","status":"publish","type":"post","link":"https:\/\/www.areabesos.com\/diario\/area-besos-352-abril-2026\/","title":{"rendered":"\u00c0rea Bes\u00f2s 352 Abril 2026"},"content":{"rendered":"\n<p>En el nostre n\u00famero d&#8217;abril de 2026 destaquem la candidatura conjunta dels ajuntaments de Sant Adri\u00e0 de Bes\u00f2s i Badalona pel Pla de Barris i Viles de Catalunya. Tamb\u00e9 parlem de la Feria de Abril que estar\u00e0 oberta al parc del F\u00f2rum fins el proper 3 de maig. <\/p>\n\n\n<a href=\"https:\/\/www.areabesos.com\/diario\/wp-content\/uploads\/2026\/04\/AB0352.pdf\" class=\"pdfemb-viewer\" style=\"\" data-width=\"max\" data-height=\"max\" data-toolbar=\"both\" data-toolbar-fixed=\"on\">AB0352<\/a>","protected":false},"excerpt":{"rendered":"<p>En el nostre n\u00famero d&#8217;abril de 2026 destaquem la candidatura conjunta dels ajuntaments de Sant Adri\u00e0 de Bes\u00f2s i Badalona pel Pla de Barris i Viles de Catalunya. Tamb\u00e9 parlem de la Feria de Abril que estar\u00e0 oberta al parc del F\u00f2rum fins el proper 3 de maig.<\/p>\n","protected":false},"author":1,"featured_media":9738,"comment_status":"closed","ping_status":"open","sticky":false,"template":"","format":"standard","meta":{"footnotes":""},"categories":[141],"tags":[],"class_list":{"0":"post-9736","1":"post","2":"type-post","3":"status-publish","4":"format-standard","5":"has-post-thumbnail","7":"category-edicio-impresa"},"_links":{"self":[{"href":"https:\/\/www.areabesos.com\/diario\/wp-json\/wp\/v2\/posts\/9736","targetHints":{"allow":["GET"]}}],"collection":[{"href":"https:\/\/www.areabesos.com\/diario\/wp-json\/wp\/v2\/posts"}],"about":[{"href":"https:\/\/www.areabesos.com\/diario\/wp-json\/wp\/v2\/types\/post"}],"author":[{"embeddable":true,"href":"https:\/\/www.areabesos.com\/diario\/wp-json\/wp\/v2\/users\/1"}],"replies":[{"embeddable":true,"href":"https:\/\/www.areabesos.com\/diario\/wp-json\/wp\/v2\/comments?post=9736"}],"version-history":[{"count":1,"href":"https:\/\/www.areabesos.com\/diario\/wp-json\/wp\/v2\/posts\/9736\/revisions"}],"predecessor-version":[{"id":9739,"href":"https:\/\/www.areabesos.com\/diario\/wp-json\/wp\/v2\/posts\/9736\/revisions\/9739"}],"wp:featuredmedia":[{"embeddable":true,"href":"https:\/\/www.areabesos.com\/diario\/wp-json\/wp\/v2\/media\/9738"}],"wp:attachment":[{"href":"https:\/\/www.areabesos.com\/diario\/wp-json\/wp\/v2\/media?parent=9736"}],"wp:term":[{"taxonomy":"category","embeddable":true,"href":"https:\/\/www.areabesos.com\/diario\/wp-json\/wp\/v2\/categories?post=9736"},{"taxonomy":"post_tag","embeddable":true,"href":"https:\/\/www.areabesos.com\/diario\/wp-json\/wp\/v2\/tags?post=9736"}],"curies":[{"name":"wp","href":"https:\/\/api.w.org\/{rel}","templated":true}]}}