{"id":9734,"date":"2026-04-29T10:16:54","date_gmt":"2026-04-29T08:16:54","guid":{"rendered":"https:\/\/www.areabesos.com\/diario\/?p=9734"},"modified":"2026-04-29T10:16:55","modified_gmt":"2026-04-29T08:16:55","slug":"els-mossos-desquadra-detenen-tres-persones-per-diversos-robatoris-amb-forca-a-establiments-comercials-de-sant-adria-de-besos","status":"publish","type":"post","link":"https:\/\/www.areabesos.com\/diario\/els-mossos-desquadra-detenen-tres-persones-per-diversos-robatoris-amb-forca-a-establiments-comercials-de-sant-adria-de-besos\/","title":{"rendered":"Els Mossos d\u2019Esquadra detenen tres persones per diversos robatoris amb for\u00e7a a establiments comercials de Sant Adri\u00e0 de Bes\u00f2s"},"content":{"rendered":"\n<p>Agents de la Policia de la Generalitat \u2013 Mossos d\u2019Esquadra de la comissaria de Sant Adri\u00e0 de Bes\u00f2s van detenir in fraganti, durant la nit del 22 d\u2019abril, tres persones com a presumptes autores d\u2019un robatori amb for\u00e7a consumat en un centre d\u2019est\u00e8tica de Sant Adri\u00e0 de Bes\u00f2s. Arran d\u2019aquesta actuaci\u00f3, els investigadors van poder vincular els detinguts amb dues temptatives de robatori amb for\u00e7a m\u00e9s comeses aquella mateixa nit en un bar i un herbolari del mateix municipi.<\/p>\n\n\n\n<p>Paral\u00b7lelament, la Unitat d\u2019Investigaci\u00f3 de Badalona mantenia oberta una investigaci\u00f3 per altres robatoris amb for\u00e7a. A conseq\u00fc\u00e8ncia de les detencions, es va poder relacionar un dels arrestats, de 28 anys, com a presumpte autor de tres robatoris amb for\u00e7a previs a establiments comercials: dos a Sant Adri\u00e0 de Bes\u00f2s i un a Badalona.<\/p>\n\n\n\n<p>La investigaci\u00f3 de la UI de Sant Adri\u00e0 de Bes\u00f2s i les detencions realitzades han perm\u00e8s resoldre un total de cinc robatoris amb for\u00e7a a establiments comercials de Sant Adri\u00e0 de Bes\u00f2s aix\u00ed com un robatori amb for\u00e7a a un supermercat a Badalona. Tots els fets van tenir lloc durant el mes d\u2019abril d\u2019enguany.<\/p>\n\n\n\n<p>Els tres detinguts, de 28, 44 i 24 anys, van passar a disposici\u00f3 del jutjat en funcions de gu\u00e0rdia de Badalona el 24 d\u2019abril. Un d\u2019ells tenia una dotzena d\u2019antecedents policials, 11 dels quals per fets comesos aquest any.<\/p>\n\n\n\n<p>Aquestes detencions han perm\u00e8s resoldre gaireb\u00e9 la totalitat dels robatoris amb for\u00e7a a establiments comercials que s\u2019estaven produint a Sant Adri\u00e0 de Bes\u00f2s, contribuint a generar un clima de major seguretat entre el teixit comercial del municipi.<\/p>\n","protected":false},"excerpt":{"rendered":"<p>Agents de la Policia de la Generalitat \u2013 Mossos d\u2019Esquadra de la comissaria de Sant Adri\u00e0 de Bes\u00f2s van detenir in fraganti, durant la nit del 22 d\u2019abril, tres persones com a presumptes autores d\u2019un robatori amb for\u00e7a consumat en un centre d\u2019est\u00e8tica de Sant Adri\u00e0 de Bes\u00f2s. Arran d\u2019aquesta actuaci\u00f3, els investigadors van poder [&hellip;]<\/p>\n","protected":false},"author":2,"featured_media":1531,"comment_status":"closed","ping_status":"open","sticky":false,"template":"","format":"standard","meta":{"footnotes":""},"categories":[134],"tags":[],"class_list":{"0":"post-9734","1":"post","2":"type-post","3":"status-publish","4":"format-standard","5":"has-post-thumbnail","7":"category-actualitat"},"_links":{"self":[{"href":"https:\/\/www.areabesos.com\/diario\/wp-json\/wp\/v2\/posts\/9734","targetHints":{"allow":["GET"]}}],"collection":[{"href":"https:\/\/www.areabesos.com\/diario\/wp-json\/wp\/v2\/posts"}],"about":[{"href":"https:\/\/www.areabesos.com\/diario\/wp-json\/wp\/v2\/types\/post"}],"author":[{"embeddable":true,"href":"https:\/\/www.areabesos.com\/diario\/wp-json\/wp\/v2\/users\/2"}],"replies":[{"embeddable":true,"href":"https:\/\/www.areabesos.com\/diario\/wp-json\/wp\/v2\/comments?post=9734"}],"version-history":[{"count":1,"href":"https:\/\/www.areabesos.com\/diario\/wp-json\/wp\/v2\/posts\/9734\/revisions"}],"predecessor-version":[{"id":9735,"href":"https:\/\/www.areabesos.com\/diario\/wp-json\/wp\/v2\/posts\/9734\/revisions\/9735"}],"wp:featuredmedia":[{"embeddable":true,"href":"https:\/\/www.areabesos.com\/diario\/wp-json\/wp\/v2\/media\/1531"}],"wp:attachment":[{"href":"https:\/\/www.areabesos.com\/diario\/wp-json\/wp\/v2\/media?parent=9734"}],"wp:term":[{"taxonomy":"category","embeddable":true,"href":"https:\/\/www.areabesos.com\/diario\/wp-json\/wp\/v2\/categories?post=9734"},{"taxonomy":"post_tag","embeddable":true,"href":"https:\/\/www.areabesos.com\/diario\/wp-json\/wp\/v2\/tags?post=9734"}],"curies":[{"name":"wp","href":"https:\/\/api.w.org\/{rel}","templated":true}]}}