{"id":9731,"date":"2026-04-28T14:02:15","date_gmt":"2026-04-28T12:02:15","guid":{"rendered":"https:\/\/www.areabesos.com\/diario\/?p=9731"},"modified":"2026-04-28T14:02:16","modified_gmt":"2026-04-28T12:02:16","slug":"la-placa-de-la-vila-acull-el-7-de-maig-la-3a-fira-de-coeducacio","status":"publish","type":"post","link":"https:\/\/www.areabesos.com\/diario\/la-placa-de-la-vila-acull-el-7-de-maig-la-3a-fira-de-coeducacio\/","title":{"rendered":"La pla\u00e7a de la Vila acull el 7 de maig la 3a Fira de Coeducaci\u00f3"},"content":{"rendered":"\n<p>El proper 7 de maig, de 17 a 19 hores a la pla\u00e7a de la Vila, se celebra la 3a Fira de Coeducaci\u00f3 de Sant Adri\u00e0 de Bes\u00f2s, una oportunitat per compartir experi\u00e8ncies, aprendre conjuntament i posar en valor la tasca que duen a terme els centres educatius.<\/p>\n\n\n\n<p>La coeducaci\u00f3 \u00e9s un enfocament educatiu que busca transformar l&#8217;escola perqu\u00e8 sigui un espai igualitari, inclusiu i lliure de discriminacions. Es tracta de revisar de manera cr\u00edtica els elements del sistema educatiu perqu\u00e8 totes les persones puguin desenvolupar-se lliurement, sense limitacions imposades pel g\u00e8nere, o per altres eixos de discriminaci\u00f3.<\/p>\n\n\n\n<p>Aquesta tercera edici\u00f3, oberta tamb\u00e9 a la ciutadania, vol continuar fomentant la participaci\u00f3 i la implicaci\u00f3 de tota la comunitat: equips docents, alumnat i fam\u00edlies. Es tracta d\u2019una ocasi\u00f3 per compartir projectes, generar aprenentatges i gaudir plegats de tot all\u00f2 que s\u2019est\u00e0 construint en l\u2019\u00e0mbit de la coeducaci\u00f3.<\/p>\n\n\n\n<p>La Fira de Coeducaci\u00f3 est\u00e0 organitzada per la Xarxa de Coeducaci\u00f3, impulsada pel Servei d\u2019Igualtat de l\u2019Ajuntament i el Centre de Recursos Pedag\u00f2gics, amb la participaci\u00f3 de tots els centres educatius del municipi.<\/p>\n\n\n\n<p><\/p>\n","protected":false},"excerpt":{"rendered":"<p>El proper 7 de maig, de 17 a 19 hores a la pla\u00e7a de la Vila, se celebra la 3a Fira de Coeducaci\u00f3 de Sant Adri\u00e0 de Bes\u00f2s, una oportunitat per compartir experi\u00e8ncies, aprendre conjuntament i posar en valor la tasca que duen a terme els centres educatius. La coeducaci\u00f3 \u00e9s un enfocament educatiu que [&hellip;]<\/p>\n","protected":false},"author":2,"featured_media":9732,"comment_status":"closed","ping_status":"open","sticky":false,"template":"","format":"standard","meta":{"footnotes":""},"categories":[135],"tags":[],"class_list":{"0":"post-9731","1":"post","2":"type-post","3":"status-publish","4":"format-standard","5":"has-post-thumbnail","7":"category-societat"},"_links":{"self":[{"href":"https:\/\/www.areabesos.com\/diario\/wp-json\/wp\/v2\/posts\/9731","targetHints":{"allow":["GET"]}}],"collection":[{"href":"https:\/\/www.areabesos.com\/diario\/wp-json\/wp\/v2\/posts"}],"about":[{"href":"https:\/\/www.areabesos.com\/diario\/wp-json\/wp\/v2\/types\/post"}],"author":[{"embeddable":true,"href":"https:\/\/www.areabesos.com\/diario\/wp-json\/wp\/v2\/users\/2"}],"replies":[{"embeddable":true,"href":"https:\/\/www.areabesos.com\/diario\/wp-json\/wp\/v2\/comments?post=9731"}],"version-history":[{"count":1,"href":"https:\/\/www.areabesos.com\/diario\/wp-json\/wp\/v2\/posts\/9731\/revisions"}],"predecessor-version":[{"id":9733,"href":"https:\/\/www.areabesos.com\/diario\/wp-json\/wp\/v2\/posts\/9731\/revisions\/9733"}],"wp:featuredmedia":[{"embeddable":true,"href":"https:\/\/www.areabesos.com\/diario\/wp-json\/wp\/v2\/media\/9732"}],"wp:attachment":[{"href":"https:\/\/www.areabesos.com\/diario\/wp-json\/wp\/v2\/media?parent=9731"}],"wp:term":[{"taxonomy":"category","embeddable":true,"href":"https:\/\/www.areabesos.com\/diario\/wp-json\/wp\/v2\/categories?post=9731"},{"taxonomy":"post_tag","embeddable":true,"href":"https:\/\/www.areabesos.com\/diario\/wp-json\/wp\/v2\/tags?post=9731"}],"curies":[{"name":"wp","href":"https:\/\/api.w.org\/{rel}","templated":true}]}}