{"id":9726,"date":"2026-04-28T11:50:28","date_gmt":"2026-04-28T09:50:28","guid":{"rendered":"https:\/\/www.areabesos.com\/diario\/?p=9726"},"modified":"2026-04-28T12:00:56","modified_gmt":"2026-04-28T10:00:56","slug":"caritas-millora-la-seva-taxa-dinsercio-sociolaboral-i-facilita-lacces-a-locupacio-a-14-639-persones-en-situacio-dexclusio","status":"publish","type":"post","link":"https:\/\/www.areabesos.com\/diario\/caritas-millora-la-seva-taxa-dinsercio-sociolaboral-i-facilita-lacces-a-locupacio-a-14-639-persones-en-situacio-dexclusio\/","title":{"rendered":"C\u00e0ritas millora la seva taxa d\u2019inserci\u00f3 sociolaboral i facilita l\u2019acc\u00e9s a l\u2019ocupaci\u00f3 a 14.639 persones en situaci\u00f3 d\u2019exclusi\u00f3"},"content":{"rendered":"\n<p>En un context de profunda transformaci\u00f3 del mercat de treball, C\u00e0ritas va aconseguir millorar el 2025 la seva taxa d\u2019inserci\u00f3 laboral entre les persones en situaci\u00f3 d\u2019exclusi\u00f3 social. De les 65.560 persones que van participar en algun dels seus programes d\u2019ocupaci\u00f3, la xarxa de C\u00e0ritas va aconseguir inserir el 22,33% (14.639 persones), cosa que suposa dos punts percentuals m\u00e9s que l\u2019any anterior.<br>Aix\u00ed ho recull l\u2019informe d\u2019Economia Solid\u00e0ria 2025, presentat per C\u00e0ritas Espanyola a la seu de Formaci\u00f3 i Treball Empresa d\u2019Inserci\u00f3 de C\u00e0ritas Barcelona. El balan\u00e7 d\u2019activitats \u2014publicat amb motiu del Dia Internacional del Treball\u2014 torna a posar en valor un model econ\u00f2mic centrat en les persones, enmig d\u2019un escenari marcat per l\u2019augment de la inestabilitat i la precarietat laboral.<br>\u201cA trav\u00e9s dels seus programes d\u2019Economia Solid\u00e0ria, C\u00e0ritas vol ser testimoni que hi ha una altra manera de gestionar els assumptes econ\u00f2mics, que \u00e9s possible posar la cura de la vida al centre a l\u2019hora de produir, comercialitzar, finan\u00e7ar i consumir. Per aix\u00f2, aposta i defensa l\u2019ocupaci\u00f3 digna, l\u2019economia social, el comer\u00e7 just, les finances \u00e8tiques i el consum responsable\u201d, assenyala Ana Heras, coordinadora de l\u2019equip d\u2019Economia Solid\u00e0ria de C\u00e0ritas Espanyola.<\/p>\n\n\n\n<p><br><strong>Inversi\u00f3 r\u00e8cord<br><\/strong>Durant el 2025, C\u00e0ritas va destinar 157,3 milions d\u2019euros a les seves iniciatives d\u2019economia solid\u00e0ria, una xifra r\u00e8cord que representa un augment del 8,63% respecte a l\u2019any anterior (12,5 milions d\u2019euros m\u00e9s). D\u2019aquest total, 40,4 milions d\u2019euros es van invertir en itineraris d\u2019inserci\u00f3 sociolaboral, que inclouen orientaci\u00f3 laboral, intermediaci\u00f3 amb empreses i formaci\u00f3.<br>\u201cEstudis recents demostren que, a mitj\u00e0 i llarg termini, el retorn econ\u00f2mic dels programes de capacitaci\u00f3 professional i d\u2019acc\u00e9s a l\u2019ocupaci\u00f3 arriba a triplicar la inversi\u00f3 realitzada. A trav\u00e9s d\u2019aquests projectes, les persones guanyen en autoestima, en reconeixement social i en acc\u00e9s a drets, i a m\u00e9s contribueixen activament al desenvolupament econ\u00f2mic com\u00fa mitjan\u00e7ant la seva aportaci\u00f3 en impostos i consum\u201d, explica la coordinadora.<br>L\u2019economia social va concentrar el 2025 la majoria dels fons invertits, amb m\u00e9s de 116 milions d\u2019euros. Aquest sector, del qual C\u00e0ritas \u00e9s un dels principals impulsors, representa ja l\u201911,1% del PIB a Espanya.<br>L\u2019aposta sostinguda de C\u00e0ritas per models empresarials que equilibren creixement econ\u00f2mic, cura del medi ambient i benestar social li ha perm\u00e8s consolidar-se en l\u2019\u00faltima d\u00e8cada com una de les principals promotores d\u2019empreses d\u2019inserci\u00f3 del pa\u00eds, amb 3.158 llocs de treball i 271 l\u00ednies de negoci. Aquestes activitats \u2014vinculades al reciclatge t\u00e8xtil i d\u2019excedents alimentaris, la gesti\u00f3 ambiental i de residus, la neteja, el transport, la missatgeria o la restauraci\u00f3\u2014 van assolir el 2025 una facturaci\u00f3 total de 92,2 milions d\u2019euros.<\/p>\n\n\n\n<p><br><strong>Projecte Man\u00e1: recuperar aliments per generar ocupaci\u00f3 inclusiva<br><\/strong>El projecte Man\u00e1 \u00e9s l\u2019\u00faltima iniciativa incorporada a l\u2019ecosistema d\u2019economia social de C\u00e0ritas. Finan\u00e7at pel Fons Social Europeu, el seu objectiu \u00e9s transferir a altres C\u00e0ritas diocesanes l\u2019experi\u00e8ncia d\u2019\u00e8xit desenvolupada per Formaci\u00f3 i Treball en l\u2019\u00fas d\u2019aliments recuperats per generar ocupaci\u00f3 inclusiva en el sector de l\u2019hostaleria.<br>Des de la seva seu central a Barcelona, principal nucli operatiu del programa, es van recuperar el 2025 m\u00e9s de 250.000 quilos d\u2019aliments que es van transformar en productes destinats a restauraci\u00f3, c\u00e0tering i serveis de menjar a domicili. Actualment, els aliments recuperats representen aproximadament el 20% de la mat\u00e8ria primera utilitzada en les diferents elaboracions.<br>\u201cLa major dificultat del projecte \u00e9s de tipus log\u00edstic, ja que desconeixem amb antelaci\u00f3 quins aliments rebrem per donaci\u00f3, de manera que cada dia hem d\u2019equilibrar el que arriba amb les necessitats de les nostres l\u00ednies de distribuci\u00f3 per garantir el m\u00e0xim aprofitament alimentari\u201d, explica Marina Arnau, codirectora de Formaci\u00f3 i Treball. <br>Aquesta activitat permet, a m\u00e9s, generar ocupaci\u00f3 inclusiva, amb 13 llocs d\u2019inserci\u00f3 per a persones en situaci\u00f3 d\u2019exclusi\u00f3 vinculats directament a la recuperaci\u00f3 aliment\u00e0ria, dins d\u2019un model que combina gastronomia inclusiva i sostenibilitat ambiental.<br>\u201cLa gesti\u00f3 dels aliments forma part dels or\u00edgens de C\u00e0ritas, i per aix\u00f2 impulsem projectes com Man\u00e1, que transformen la manera de gestionar l\u2019alimentaci\u00f3 i ofereixen respostes innovadores a necessitats b\u00e0siques com l\u2019acc\u00e9s a una feina, alhora que es promou un model alimentari m\u00e9s sostenible i responsable\u201d, explica Eduard Sala, director de C\u00e0ritas Diocesana de Barcelona.<br>Sala remarca que l\u2019entitat aposta per models que posen la persona al centre, fomentant l\u2019autonomia i evitant l\u2019estigmatitzaci\u00f3. \u201cCal avan\u00e7ar cap a un acc\u00e9s a l\u2019alimentaci\u00f3 basat en drets, que permeti escollir, comprar i cuinar com fa qualsevol persona, amb una clara perspectiva comunit\u00e0ria. Man\u00e1 \u00e9s un exemple d\u2019un model m\u00e9s hum\u00e0, digne i transformador\u201d, assenyala.<br>Durant el seu primer any de desenvolupament, el projecte ha avan\u00e7at en la creaci\u00f3 d\u2019un kit de transfer\u00e8ncia que facilitar\u00e0 la seva implementaci\u00f3 en altres territoris, en l\u00ednia amb l\u2019objectiu d\u2019escalar i replicar el model en diferents contextos. En aquesta fase inicial, les C\u00e0ritas diocesanes de Bilbao i Albacete ja han posat en marxa projectes per comen\u00e7ar a incorporar l\u2019aprofitament alimentari en les seves l\u00ednies de restauraci\u00f3.<br>El programa compta, a m\u00e9s, amb la col\u00b7laboraci\u00f3 de 15 empreses donants, la implicaci\u00f3 de les quals \u00e9s clau per reduir el malbaratament alimentari i consolidar una xarxa compromesa amb l\u2019economia circular. \u201cEl treball en xarxa \u00e9s clau per afrontar els grans reptes socials, multiplicar l\u2019impacte social i contribuir a una societat m\u00e9s justa i cohesionada\u201d, afegeix el director de C\u00e0ritas Barcelona.<\/p>\n\n\n\n<div><a href=\"https:\/\/www.areabesos.com\/diario\/wp-content\/uploads\/2026\/04\/Projecte-mana.jpg\" class=\"td-modal-image\"><figure class=\"wp-block-image size-full\"><img loading=\"lazy\" decoding=\"async\" width=\"1200\" height=\"900\" src=\"https:\/\/www.areabesos.com\/diario\/wp-content\/uploads\/2026\/04\/Projecte-mana.jpg\" alt=\"\" class=\"wp-image-9729\"\/><\/figure><\/a><\/div>\n\n\n\n<p><br><strong>Perfil dels participants<br><\/strong>El perfil de les persones que van participar al llarg del 2025 en els diferents programes d\u2019ocupaci\u00f3 de C\u00e0ritas es va mantenir similar al d\u2019anys anteriors: la majoria s\u00f3n dones (64%), de m\u00e9s de 45 anys (40%), sense estudis o amb estudis m\u00ednims (32%) o secundaris (30%). El nombre de persones procedents de pa\u00efsos no comunitaris va ser superior al de les nacionals (58%).<br>\u201cDarrere d\u2019aquest perfil hi ha m\u00faltiples situacions, a\u00efllades o acumulades, que cal superar per assolir l\u2019objectiu d\u2019inserci\u00f3 laboral. Sovint ens trobem amb persones que no tenen compet\u00e8ncies digitals, presenten dificultats d\u2019aprenentatge, poca experi\u00e8ncia laboral o molts problemes de conciliaci\u00f3 familiar, a m\u00e9s de greus mancances socioecon\u00f2miques, dificultats amb la llengua i baixa autoestima que porta a la desmotivaci\u00f3\u201d, precisa Ana Heras.<br>\u201cTota aquesta realitat \u2014afegeix\u2014 ens obliga a articular una atenci\u00f3 integral, molt individualitzada i amb una metodologia eminentment pr\u00e0ctica, que acceleri i faciliti l\u2019aprenentatge i els ajudi a superar les dificultats que els allunyen del mercat laboral.\u201d<br><\/p>\n\n\n\n<p><strong>Comer\u00e7 just<br><\/strong>Les accions de comer\u00e7 just desenvolupades en 21 C\u00e0ritas diocesanes van suposar el 2025 una facturaci\u00f3 total de 626.438 euros, un 76% de tot l\u2019invertit. Aquesta xarxa compta amb 41 punts de venda repartits per tot Espanya, que funcionen no nom\u00e9s com a espais de comercialitzaci\u00f3 de productes, sin\u00f3 tamb\u00e9 com a llocs de sensibilitzaci\u00f3 perqu\u00e8 els consumidors visibilitzin les persones i processos que hi ha darrere de cada producte i contribueixin a fomentar un consum responsable.<\/p>\n\n\n\n<div><a href=\"https:\/\/www.areabesos.com\/diario\/wp-content\/uploads\/2026\/04\/Projecte-mana-3.jpg\" class=\"td-modal-image\"><figure class=\"wp-block-image size-full\"><img loading=\"lazy\" decoding=\"async\" width=\"1200\" height=\"800\" src=\"https:\/\/www.areabesos.com\/diario\/wp-content\/uploads\/2026\/04\/Projecte-mana-3.jpg\" alt=\"\" class=\"wp-image-9727\"\/><\/figure><\/a><\/div>\n\n\n\n<p><br><strong>Finances \u00e8tiques<br><\/strong>Els ciutadans s\u00f3n cada vegada m\u00e9s conscients de l\u2019impacte de les seves decisions econ\u00f2miques en el sistema financer, en la cohesi\u00f3 social i en la vida de les persones. Tot i aix\u00f2, molts desconeixen que nombroses entitats financeres tenen entre les seves prioritats oferir serveis de valor a la comunitat i a l\u2019entorn.<br>C\u00e0ritas anima a invertir en productes socialment responsables de la banca tradicional, que garanteixen un impacte sostenible i mesurable, ja que escollir alguna de les opcions que ofereixen les finances \u00e8tiques pot ser un dels instruments amb m\u00e9s capacitat de transformaci\u00f3 social.<br>\u201cEntre tots constru\u00efm una economia m\u00e9s justa, inclusiva i sostenible quan triem productes de comer\u00e7 just i d\u2019economia social; contractem serveis d\u2019empreses que promouen la inclusi\u00f3; generem oportunitats laborals dignes per a persones en situaci\u00f3 de vulnerabilitat; exigim transpar\u00e8ncia sobre l\u2019impacte social i ambiental dels serveis i productes que adquirim o consumim de manera responsable, comprant nom\u00e9s el necessari i prioritzant alternatives com la segona m\u00e0, la reutilitzaci\u00f3, l\u2019intercanvi i la reparaci\u00f3\u201d, conclou Ana Heras.<br>Cada gest compta i cada decisi\u00f3 pot contribuir a transformar la realitat.<\/p>\n","protected":false},"excerpt":{"rendered":"<p>En un context de profunda transformaci\u00f3 del mercat de treball, C\u00e0ritas va aconseguir millorar el 2025 la seva taxa d\u2019inserci\u00f3 laboral entre les persones en situaci\u00f3 d\u2019exclusi\u00f3 social. De les 65.560 persones que van participar en algun dels seus programes d\u2019ocupaci\u00f3, la xarxa de C\u00e0ritas va aconseguir inserir el 22,33% (14.639 persones), cosa que suposa [&hellip;]<\/p>\n","protected":false},"author":2,"featured_media":9728,"comment_status":"closed","ping_status":"open","sticky":false,"template":"","format":"standard","meta":{"footnotes":""},"categories":[135],"tags":[],"class_list":{"0":"post-9726","1":"post","2":"type-post","3":"status-publish","4":"format-standard","5":"has-post-thumbnail","7":"category-societat"},"_links":{"self":[{"href":"https:\/\/www.areabesos.com\/diario\/wp-json\/wp\/v2\/posts\/9726","targetHints":{"allow":["GET"]}}],"collection":[{"href":"https:\/\/www.areabesos.com\/diario\/wp-json\/wp\/v2\/posts"}],"about":[{"href":"https:\/\/www.areabesos.com\/diario\/wp-json\/wp\/v2\/types\/post"}],"author":[{"embeddable":true,"href":"https:\/\/www.areabesos.com\/diario\/wp-json\/wp\/v2\/users\/2"}],"replies":[{"embeddable":true,"href":"https:\/\/www.areabesos.com\/diario\/wp-json\/wp\/v2\/comments?post=9726"}],"version-history":[{"count":1,"href":"https:\/\/www.areabesos.com\/diario\/wp-json\/wp\/v2\/posts\/9726\/revisions"}],"predecessor-version":[{"id":9730,"href":"https:\/\/www.areabesos.com\/diario\/wp-json\/wp\/v2\/posts\/9726\/revisions\/9730"}],"wp:featuredmedia":[{"embeddable":true,"href":"https:\/\/www.areabesos.com\/diario\/wp-json\/wp\/v2\/media\/9728"}],"wp:attachment":[{"href":"https:\/\/www.areabesos.com\/diario\/wp-json\/wp\/v2\/media?parent=9726"}],"wp:term":[{"taxonomy":"category","embeddable":true,"href":"https:\/\/www.areabesos.com\/diario\/wp-json\/wp\/v2\/categories?post=9726"},{"taxonomy":"post_tag","embeddable":true,"href":"https:\/\/www.areabesos.com\/diario\/wp-json\/wp\/v2\/tags?post=9726"}],"curies":[{"name":"wp","href":"https:\/\/api.w.org\/{rel}","templated":true}]}}