{"id":9600,"date":"2026-03-16T12:32:34","date_gmt":"2026-03-16T11:32:34","guid":{"rendered":"https:\/\/www.areabesos.com\/diario\/?p=9600"},"modified":"2026-03-17T12:34:34","modified_gmt":"2026-03-17T11:34:34","slug":"discriminacion-mediatica-con-las-victimas-de-la-guerra","status":"publish","type":"post","link":"https:\/\/www.areabesos.com\/diario\/discriminacion-mediatica-con-las-victimas-de-la-guerra\/","title":{"rendered":"Discriminaci\u00f3n medi\u00e1tica con las v\u00edctimas de la guerra"},"content":{"rendered":"\n<p>\u201cLos intentos de presentar la guerra como un gran videojuego\u201d constituyen \u201cuna deriva peligrosa\u201d. Lo he le\u00eddo el 15 de marzo en \u201cEl Mundo\u201d y estoy de acuerdo, pero creo que se trata de una estrategia calculada para deshumanizar a quienes mueren a las \u00f3rdenes de alguien que decide mantener la guerra porque \u201cno le aburre\u201d, entre otros motivos que s\u00ed var\u00edan cada d\u00eda.<\/p>\n\n\n\n<p>Un d\u00eda antes, en el \u201c\u00daltima Hora\u201d de Mallorca, por poner un ejemplo, apareci\u00f3 una noticia distribuida por EFE con la foto de Arnaud Frion, el primer y hasta ahora \u00fanico militar franc\u00e9s fallecido en la \u00faltima guerra iniciada por Estados Unidos e Israel a las \u00f3rdenes de Trump y Netanyahu.<\/p>\n\n\n\n<p>La noticia inclu\u00eda m\u00e1s de 250 palabras y ocupaba el 20% de la p\u00e1gina 4, por lo que la pudo leer un gran porcentaje de las personas que abrieron el peri\u00f3dico. Adem\u00e1s, pod\u00eda reconocer f\u00e1cilmente al militar cualquiera que hubiera coincidido con \u00e9l en vida. Y, al ser una noticia distribuida por una agencia importante, era f\u00e1cil encontrarla en otros medios de comunicaci\u00f3n. De hecho, escrib\u00ed en el buscador \u201cSoldado franc\u00e9s muerto Ir\u00e1n\u201d e Internet me inform\u00f3 de 2.720.000 resultados.<\/p>\n\n\n\n<p>Tres p\u00e1ginas despu\u00e9s, en la 7, aparec\u00edan tres noticias en una columna de \u201cBreves\u201d, la \u00faltima de las cuales se titulaba \u201cTRAGEDIA\u201d y dec\u00eda lo siguiente: \u201cLa embajada iran\u00ed en Madrid muestra las fotos de cien ni\u00f1os muertos. La embajada de Ir\u00e1n en Espa\u00f1a colg\u00f3 ayer en su muro exterior un cartel con las fotos y los nombres de cien ni\u00f1as y ni\u00f1os iran\u00edes que murieron en los ataques de Israel y EE.UU. a una escuela en Minab, en el sur del Ir\u00e1n, el 28 de febrero\u201d.<\/p>\n\n\n\n<p>Por tanto, 61 palabras que, incluyendo el cartel, ocupaban menos del 4% de la p\u00e1gina y ni con la ayuda de un microscopio habr\u00eda sido yo capaz de reconocer a cualquiera de las cien v\u00edctimas, aunque entre ellas estuviera alguno de mis nietos, pues la mayor\u00eda de las asesinadas de la foto tambi\u00e9n ten\u00edan abuelos. Adem\u00e1s, estaba situada en la parte inferior de la p\u00e1gina y sobre un anuncio a todo color titulado \u201cTu oasis de felicidad en Santa Ponsa\u201d. Al no indicar agencia distribuidora habr\u00e1 tenido mucho menos eco que la noticia del militar franc\u00e9s y, para comprobarlo, escrib\u00ed esta vez \u201cCartel ni\u00f1os muertos Ir\u00e1n\u201d, siendo 1.570.000 el n\u00famero de resultados que ofreci\u00f3 Internet.<\/p>\n\n\n\n<p>Sin necesidad de ponerse a calcular, resulta insoportable la diferencia existente entre el valor medi\u00e1tico que se concede a la muerte de un militar que decide asumir el riesgo de la guerra y el de cada una de las cien personas, todas infantiles e indefensas, que estaban en el colegio aprendiendo a vivir\u2026, hasta que un misil de Trump les rob\u00f3 la vida para siempre.<\/p>\n\n\n\n<p>El mundo entero est\u00e1 agarrotado, quien sabe si esperando a que \u201cle ocurra algo\u201d, por culpa de un Donald Trump sobre quien Susie Wiles, su propia jefa de gabinete, dijo en diciembre de 2025 que \u00abtiene la personalidad de un alcoh\u00f3lico\u201d y de quien la plataforma Players Time acaba de concluir que tiene la diversidad l\u00e9xica correspondiente a un ni\u00f1o de 2\u00b0 curso de Primaria, tras analizar 34.022 palabras pronunciadas ante los medios de comunicaci\u00f3n.<\/p>\n\n\n\n<p>Sean o no ciertas tales consideraciones, nos encontramos ante alguien en cuya escala de valores lo de asesinar es un recurso como otro cualquiera.<\/p>\n\n\n\n<p>Los contenidos publicados por muchos medios de comunicaci\u00f3n hacen pensar que buscan reducir al m\u00ednimo indispensable las noticias que puedan molestar a Trump y, por lo tanto, debemos seguir a la expectativa de las sorpresas que nos puedan regalar los pocos que se atreven a decir lo que piensan en eventos como la Super Bowl, la entrega de los Oscar o el resultado de votaciones populares como la que ha salvado la \u201cvida\u201d de \u201cLa ni\u00f1a de la guerra\u201d el Ninot salvado de las llamas que arder\u00e1n en las pr\u00f3ximas fallas valencianas.<\/p>\n\n\n\n<p>El derecho internacional debe respetarse y cada pa\u00eds debe ser capaz de resolver sus problemas, pienso, pero debo estar equivocado, porque ni los alemanes fueron capaces de acabar con Hitler ni los americanos est\u00e1n pudiendo con Trump, aunque ambos enga\u00f1aron a sus votantes, pues no anunciaron lo que har\u00edan si consegu\u00edan la victoria en las urnas.<\/p>\n\n\n\n<p>Quiz\u00e1s no hayamos muerto cuando consiga regresar a nuestra memoria aquella ni\u00f1a desnuda huyendo del napalm para salvarnos la vida.<\/p>\n\n\n\n<p><strong>Domingo Sanz<\/strong><\/p>\n","protected":false},"excerpt":{"rendered":"<p>\u201cLos intentos de presentar la guerra como un gran videojuego\u201d constituyen \u201cuna deriva peligrosa\u201d. Lo he le\u00eddo el 15 de marzo en \u201cEl Mundo\u201d y estoy de acuerdo, pero creo que se trata de una estrategia calculada para deshumanizar a quienes mueren a las \u00f3rdenes de alguien que decide mantener la guerra porque \u201cno le [&hellip;]<\/p>\n","protected":false},"author":2,"featured_media":9601,"comment_status":"closed","ping_status":"open","sticky":false,"template":"","format":"standard","meta":{"footnotes":""},"categories":[139],"tags":[],"class_list":{"0":"post-9600","1":"post","2":"type-post","3":"status-publish","4":"format-standard","5":"has-post-thumbnail","7":"category-opinio"},"_links":{"self":[{"href":"https:\/\/www.areabesos.com\/diario\/wp-json\/wp\/v2\/posts\/9600","targetHints":{"allow":["GET"]}}],"collection":[{"href":"https:\/\/www.areabesos.com\/diario\/wp-json\/wp\/v2\/posts"}],"about":[{"href":"https:\/\/www.areabesos.com\/diario\/wp-json\/wp\/v2\/types\/post"}],"author":[{"embeddable":true,"href":"https:\/\/www.areabesos.com\/diario\/wp-json\/wp\/v2\/users\/2"}],"replies":[{"embeddable":true,"href":"https:\/\/www.areabesos.com\/diario\/wp-json\/wp\/v2\/comments?post=9600"}],"version-history":[{"count":1,"href":"https:\/\/www.areabesos.com\/diario\/wp-json\/wp\/v2\/posts\/9600\/revisions"}],"predecessor-version":[{"id":9602,"href":"https:\/\/www.areabesos.com\/diario\/wp-json\/wp\/v2\/posts\/9600\/revisions\/9602"}],"wp:featuredmedia":[{"embeddable":true,"href":"https:\/\/www.areabesos.com\/diario\/wp-json\/wp\/v2\/media\/9601"}],"wp:attachment":[{"href":"https:\/\/www.areabesos.com\/diario\/wp-json\/wp\/v2\/media?parent=9600"}],"wp:term":[{"taxonomy":"category","embeddable":true,"href":"https:\/\/www.areabesos.com\/diario\/wp-json\/wp\/v2\/categories?post=9600"},{"taxonomy":"post_tag","embeddable":true,"href":"https:\/\/www.areabesos.com\/diario\/wp-json\/wp\/v2\/tags?post=9600"}],"curies":[{"name":"wp","href":"https:\/\/api.w.org\/{rel}","templated":true}]}}