{"id":9588,"date":"2026-03-12T12:08:21","date_gmt":"2026-03-12T11:08:21","guid":{"rendered":"https:\/\/www.areabesos.com\/diario\/?p=9588"},"modified":"2026-03-13T12:09:25","modified_gmt":"2026-03-13T11:09:25","slug":"l-entorn-del-catalunya-media-city-i-de-les-tres-xemeneies-del-besos-pren-forma","status":"publish","type":"post","link":"https:\/\/www.areabesos.com\/diario\/l-entorn-del-catalunya-media-city-i-de-les-tres-xemeneies-del-besos-pren-forma\/","title":{"rendered":"L&#8217; entorn del Catalunya Media City i de les Tres Xemeneies del Bes\u00f2s pren forma"},"content":{"rendered":"\n<p>El&nbsp;<strong>Catalunya Media City<\/strong>&nbsp;i l&#8217;entorn de les&nbsp;<strong>Tres Xemeneies<\/strong>&nbsp;de Sant Adri\u00e0 de Bes\u00f2s avancen cap a la seva transformaci\u00f3 definitiva. La comissi\u00f3 de seguiment s\u2019ha reunit avui i ha analitzat l&#8217;evoluci\u00f3 de les actuacions principals en marxa per fer realitat el projecte del&nbsp;<strong>hub audiovisual<\/strong>&nbsp;a l&#8217;antic recinte industrial i omplir de vida i activitat econ\u00f2mica, social i cultural tot l&#8217;\u00e0mbit del Bes\u00f2s.<\/p>\n\n\n\n<p>La reuni\u00f3 de treball ha tingut lloc al Palau de la Generalitat i l\u2019ha encap\u00e7alat el conseller de la Presid\u00e8ncia, Albert Dalmau, i hi han pres part les conselleres de Territori, Habitatge i Transici\u00f3 Ecol\u00f2gica, S\u00edlvia Paneque; de Recerca i Universitats, N\u00faria Montserrat; de Cultura, S\u00f2nia Hern\u00e1ndez, i el secretari de Mitjans de Comunicaci\u00f3 i Difusi\u00f3, Carles Escol\u00e0.&nbsp;A m\u00e9s, hi han assistit el coordinador del projecte i director del Consorci del Bes\u00f2s, Ferran Falc\u00f3, i representants dels ajuntaments de Barcelona, Badalona, Sant Adri\u00e0 de Bes\u00f2s i Terrassa, i de la Corporaci\u00f3 Catalana de Mitjans Audiovisuals.<\/p>\n\n\n\n<h3 class=\"wp-block-heading\"><strong>La urbanitzaci\u00f3 dels vials<\/strong><strong>&nbsp;i<\/strong><strong>&nbsp;passos interiors i del parc litoral refor\u00e7ar\u00e0 la connexi\u00f3 entre&nbsp;Sant Adri\u00e0 i Badalona&nbsp;i&nbsp; facilitar\u00e0 la mobilitat al&nbsp;Catalunya Media City<\/strong><\/h3>\n\n\n\n<p>El desenvolupament urban\u00edstic de l\u2019\u00e0mbit de les Tres Xemeneies es troba en un moment clau. El Pla Director Urban\u00edstic (PDU) que ordena tot l\u2019\u00e0mbit, a cavall entre Sant Adri\u00e0 de Bes\u00f2s i Badalona i d\u2019unes 32 hect\u00e0rees (ha), inclou el hub audiovisual, un gran parc urb\u00e0, m\u00e9s de 185.000 m<sup>2<\/sup>&nbsp;d\u2019habitatge \u2013el 40%, protegit\u2013 i uns 100.000 m<sup>2<\/sup>&nbsp;de sostre d\u2019activitat econ\u00f2mica. Les actuacions previstes en el PDU ja es van configurant amb calendaris definits i amb la redacci\u00f3 en curs dels instruments que han de transformar de manera profunda aquest sector del litoral.<\/p>\n\n\n\n<p>En aquest marc, avancen els dos projectes d\u2019urbanitzaci\u00f3 principals que definiran la nova estructura d\u2019espais p\u00fablics de la zona: el dels nous vials i el del futur parc litoral. En total, sumen prop de 183.000 m\u00b2 i generaran una nova estructura vi\u00e0ria m\u00e9s permeable, amb carrils bici, passos inferiors i noves connexions que integraran el sector amb Sant Adri\u00e0 i Badalona i facilitaran la mobilitat al Catalunya Media City.<\/p>\n\n\n\n<p>&nbsp;D\u2019una banda, el projecte d\u2019urbanitzaci\u00f3 de la vialitat principal, els serveis i els passos inferiors es troba en fase avan\u00e7ada de redacci\u00f3 i ja es disposa de recreacions virtuals de com es concretaran els carrers i espais de pas. Actuar\u00e0 sobre m\u00e9s de 93.000 m\u00b2, reorganitzar\u00e0 el corredor central del sector i facilitar\u00e0 la permeabilitat entre Badalona i Sant Adri\u00e0.<\/p>\n\n\n\n<figure class=\"wp-block-gallery has-nested-images columns-default is-cropped td-modal-on-gallery wp-block-gallery-1 is-layout-flex wp-block-gallery-is-layout-flex\">\n<figure class=\"wp-block-image size-large\"><img loading=\"lazy\" decoding=\"async\" width=\"1200\" height=\"412\" data-id=\"9589\" src=\"https:\/\/www.areabesos.com\/diario\/wp-content\/uploads\/2026\/03\/hubaudiovisual3xem_02.png\" alt=\"\" class=\"wp-image-9589\"\/><\/figure>\n\n\n\n<figure class=\"wp-block-image size-large\"><img loading=\"lazy\" decoding=\"async\" width=\"1200\" height=\"678\" data-id=\"9590\" src=\"https:\/\/www.areabesos.com\/diario\/wp-content\/uploads\/2026\/03\/hubaudiovisual3xem_03.png\" alt=\"\" class=\"wp-image-9590\"\/><\/figure>\n\n\n\n<figure class=\"wp-block-image size-large\"><img loading=\"lazy\" decoding=\"async\" width=\"1200\" height=\"743\" data-id=\"9591\" src=\"https:\/\/www.areabesos.com\/diario\/wp-content\/uploads\/2026\/03\/hubaudiovisual3xem_04.png\" alt=\"\" class=\"wp-image-9591\"\/><\/figure>\n<\/figure>\n\n\n\n<p>El carrer Dolores Ib\u00e1rruri es perllongar\u00e0 fins al passeig del Mare Nostrum, mentre que el costat mar de l\u2019avinguda Eduard Maristany es reurbanitzar\u00e0 per fer-hi possible el pas del tramvia \u2013una altra de les novetats tractades a la reuni\u00f3 d\u2019avui i que s\u2019explica m\u00e9s endavant\u2013 i estendre la xarxa ciclable metropolitana. El conjunt es completar\u00e0 amb nous passos per a vianants i ciclistes: dos d\u2019elevats&nbsp;que connectaran el sector amb l\u2019avinguda de la Platja i el carrer de Ram\u00f3n Vi\u00f1as,&nbsp;i un altre d\u2019inferior a l\u2019avinguda Maresme. I s\u2019arranjar\u00e0 l\u2019actual pas del Carrer Ol\u00edmpic.<\/p>\n\n\n\n<p>La proposta incorpora criteris de sostenibilitat, resili\u00e8ncia i gesti\u00f3 avan\u00e7ada del cicle de l\u2019aigua. El drenatge urb\u00e0 sostenible es desplegar\u00e0 mitjan\u00e7ant cunetes verdes al llarg dels vials principals, que permetran gestionar separadament l\u2019aigua pluvial, reduir l\u2019escorrentia i afavorir la infiltraci\u00f3 i rec\u00e0rrega de l\u2019aq\u00fc\u00edfer del Bes\u00f2s. Als punts baixos dels passos elevats hi haur\u00e0 espais verds drenants per conduir les aig\u00fces torrencials al mar en episodis de pluja intensa i s\u2019integraran com a espais lliures al parc.<\/p>\n\n\n\n<p class=\" \"><strong>En marxa la redacci\u00f3 del projecte executiu del nou parc litoral: una zona verda de 90.000 m2 de transici\u00f3 entre la ciutat, el mar i la desembocadura del Bes\u00f2s&nbsp;<\/strong><\/p>\n\n\n\n<p class=\" \">Paral\u00b7lelament, tamb\u00e9 est\u00e0 en marxa la redacci\u00f3 del projecte executiu del nou parc litoral, una de les transformacions m\u00e9s visibles i simb\u00f2liques del sector. A partir de la proposta guanyadora del concurs de projectes que es va dur a terme, que porta per lema Verd i Blau, es crear\u00e0 una gran zona verda d\u2019uns 90.000 m<sup>2<\/sup>&nbsp;de transici\u00f3 entre la ciutat, el mar i la desembocadura del Bes\u00f2s. Mitjan\u00e7ant solucions basades en la natura \u2013com el passeig-berma esponja, dunes, llacunes i sistemes de drenatge sostenible\u2013, s\u2019aconseguir\u00e0 una gesti\u00f3 integral del cicle de l\u2019aigua i una protecci\u00f3 activa davant els efectes del canvi clim\u00e0tic.<\/p>\n\n\n\n<p>El nou entorn del parc naturalitzat potenciar\u00e0 els usos socials al voltant de les Tres Xemeneies i la resta d\u2019activitats, propiciant l\u2019aparici\u00f3 de nous espais per a la creaci\u00f3 d\u2019h\u00e0bitats fluvials, mar\u00edtims o urbans a les \u00e0rees m\u00e9s allunyades i en contacte amb la desembocadura del Bes\u00f2s. La vegetaci\u00f3, basada en la pineda mediterr\u00e0nia, estendr\u00e0 els espais de can\u00f2pia amb l\u2019objectiu d\u2019esdevenir un nou refugi clim\u00e0tic de l\u2019\u00e0rea metropolitana. El parc cobrir\u00e0 el futur col\u00b7lector de Llevant, que l\u2019\u00c0rea Metropolitana de Barcelona (AMB) i l\u2019Ag\u00e8ncia Catalana de l\u2019Aigua (ACA) traslladaran des de la seva situaci\u00f3 actual dins del domini p\u00fablic mar\u00edtimoterrestre.<\/p>\n\n\n\n<div><a href=\"https:\/\/www.areabesos.com\/diario\/wp-content\/uploads\/2026\/03\/hubaudiovisual3xem_05.jpg\" class=\"td-modal-image\"><figure class=\"wp-block-image size-full\"><img loading=\"lazy\" decoding=\"async\" width=\"1200\" height=\"287\" src=\"https:\/\/www.areabesos.com\/diario\/wp-content\/uploads\/2026\/03\/hubaudiovisual3xem_05.jpg\" alt=\"\" class=\"wp-image-9592\"\/><\/figure><\/a><\/div>\n\n\n\n<p><strong>Calendari dels projectes d&#8217;urbanitzaci\u00f3 dels vials i del parc litoral<\/strong><\/p>\n\n\n\n<p>La previsi\u00f3 \u00e9s aprovar els dos projectes d\u2019urbanitzaci\u00f3 durant el segon semestre de 2026. Les obres de la vialitat comen\u00e7arien a finals de 2027 i s\u2019allargarien aproximadament fins al 2031, i les del parc s\u2019iniciarien un cop estigui avan\u00e7ada l\u2019execuci\u00f3 del nou col\u00b7lector de Llevant, cap al 2029, i acabarien el 2032. La inversi\u00f3 total prevista en les dues urbanitzacions ser\u00e0 al voltant d\u2019uns 73 milions d\u2019euros, que es finan\u00e7aran amb les c\u00e0rregues urban\u00edstiques del propi pla.<\/p>\n\n\n\n<p>Aquesta renovaci\u00f3 del sector ha de permetre conviure, durant els pr\u00f2xims anys, les activitats existents amb el desplegament progressiu del Catalunya Media City i la resta dels usos previstos, cosa que requereix una planificaci\u00f3 dels espais i serveis necessaris. Aix\u00ed, mentre avancen els projectes d\u2019urbanitzaci\u00f3, tamb\u00e9 ho fan els estudis sobre infraestructures el\u00e8ctriques i d\u2019aigua, el projecte de reparcel\u00b7laci\u00f3 i la coordinaci\u00f3 amb les administracions responsables de la gesti\u00f3 del litoral. Tot plegat ha de garantir que el sector es transformi en un nou entorn ple de vida i activitat.<\/p>\n\n\n\n<h3 class=\"wp-block-heading\"><strong>L&#8217; arribada del tramvia a les Tres Xemeneies, un element clau<\/strong><\/h3>\n\n\n\n<p class=\" \">La mobilitat \u00e9s un factor determinant per al futur del sector de les Tres Xemeneies. En aquest sentit, tamb\u00e9 s\u2019ha abordat en la reuni\u00f3l\u2019aven\u00e7 dels treballs per fer possible l\u2019arribada del tramvia al nou \u00e0mbit, que ser\u00e0 essencial per refor\u00e7ar la connectivitat de l\u2019espai, garantir un acc\u00e9s de transport p\u00fablic de qualitat i assegurar que el Catalunya Media City i els espais que l\u2019acompanyaran s\u2019integrin a la xarxa metropolitana.<\/p>\n\n\n\n<p>El Trambes\u00f2s es perllongar\u00e0 des de l\u2019estaci\u00f3 de Sant Adri\u00e0 fins al Port de Badalona, una actuaci\u00f3 que tindr\u00e0 una longitud d\u20191,4 quil\u00f2metres. Es projecten dues noves estacions: una a l\u2019al\u00e7ada de l\u2019edificaci\u00f3 de les Tres Xemeneies i l\u2019altra al mateix Port de Badalona. El tramvia s\u2019integrar\u00e0 en l\u2019espai disponible entre el ferrocarril, pel costat nord, i les directrius establertes inicialment en el PDU de les Tres Xemeneies i el desenvolupament del Port de Badalona.<\/p>\n\n\n\n<p><strong>La previsi\u00f3 \u00e9s que les dues noves estacions es posin en servei el tercer trimestre de 2033<\/strong><\/p>\n\n\n\n<p>L\u2019Autoritat del Transport Metropolit\u00e0 (ATM) ja t\u00e9 aprovat l\u2019estudi informatiu del projecte. El document \u00e9s el punt de partida que habilita les administracions a continuar avan\u00e7ant en els tr\u00e0mits necessaris per fer materialitzar el perllongament. Segons el calendari tra\u00e7at, el primer trimestre de 2029 s\u2019iniciar\u00e0 la redacci\u00f3 del projecte executiu i les obres comen\u00e7aran a principis de 2031 per tal que les dues noves estacions es posin en servei el tercer trimestre de 2033 . L\u2019actuaci\u00f3 suposar\u00e0 una inversi\u00f3 estimada d\u2019uns 23,6 milions d\u2019euros, que l\u2019Autoritat del Transport Metropolit\u00e0 (ATM) haur\u00e0 de dotar pressupost\u00e0riament.<\/p>\n\n\n\n<h3 class=\"wp-block-heading\"><strong>Un espai de mem\u00f2ria a la Nau de Turbines, el cor del futur hub audiovisual<\/strong><\/h3>\n\n\n\n<p class=\" \">A m\u00e9s de les tasques derivades del desenvolupament del PDU, la comissi\u00f3 mixta de seguiment ha repassat la situaci\u00f3 del Catalunya Media City, l\u2019aposta estrat\u00e8gica de pa\u00eds que el Govern i les administracions implicades han posat en marxa per consolidar Catalunya com un referent europeu del sector audiovisual i digital. La rehabilitaci\u00f3 de la Nau de Turbines s\u2019al\u00e7a com l\u2019element central del projecte. Aquest antic espai industrial passar\u00e0 a ser un centre de refer\u00e8ncia per a la innovaci\u00f3, la producci\u00f3, la formaci\u00f3 i la recerca vinculada al sector audiovisual.<\/p>\n\n\n\n<p class=\" \">I, com a novetat destacada, tamb\u00e9 esdevindr\u00e0 un espai immersiu i de mem\u00f2ria. Tal com s\u2019ha presentat avui, el programa funcional de la nau sumar\u00e0 un recorregut immersiu, interactiu i divulgatiu que permetr\u00e0 acostar els visitants a la hist\u00f2ria industrial del recinte, al paper de l\u2019energia en el desenvolupament del pa\u00eds i a les lluites obreres que hi van tenir lloc. Es tracta de recuperar la mem\u00f2ria de l\u2019espai i, alhora, reinterpretar-la a trav\u00e9s de tecnologies immersives, realitat virtual i recursos digitals que permetran viure les Tres Xemeneies amb una mirada contempor\u00e0nia.<\/p>\n\n\n\n<p class=\" \"><strong>L&#8217;espai temporal de mem\u00f2ria es podr\u00e0 visitar a principis de 2027<\/strong><\/p>\n\n\n\n<p class=\" \">El futur espai formar\u00e0 part del projecte \u00abEls Ulls de la Hist\u00f2ria\u00bb, que desenvolupa el Departament de Cultura, a trav\u00e9s de l\u2019Ag\u00e8ncia Catalana del Patrimoni Cultural, i que en el cas de les Tres Xemeneies es treballa en col\u00b7laboraci\u00f3 amb el Consorci del Bes\u00f2s. Inclour\u00e0 una sala de realitat virtual d\u2019uns 80 m2 i punts d\u2019interpretaci\u00f3 del recorregut a trav\u00e9s dels quals entendre les transformacions energ\u00e8tiques, socials i urbanes que han anat redefinint l\u2019edifici. Es preveu que la instal\u00b7laci\u00f3 es pugui visitar ja a principis de 2027, ocupant un espai temporal fins que comencin les obres de rehabilitaci\u00f3 de les Tres Xemeneies. Un cop finalitzats aquests treballs, \u2018Els Ulls de la Hist\u00f2ria\u2019 es tornaran a instal\u00b7lar a les Tres Xemeneies de manera definitiva.<\/p>\n\n\n\n<figure class=\"wp-block-gallery has-nested-images columns-default is-cropped td-modal-on-gallery wp-block-gallery-2 is-layout-flex wp-block-gallery-is-layout-flex\">\n<figure class=\"wp-block-image size-large\"><img loading=\"lazy\" decoding=\"async\" width=\"1200\" height=\"780\" data-id=\"9593\" src=\"https:\/\/www.areabesos.com\/diario\/wp-content\/uploads\/2026\/03\/hubaudiovisual3xem_06.png\" alt=\"\" class=\"wp-image-9593\"\/><\/figure>\n\n\n\n<figure class=\"wp-block-image size-large\"><img loading=\"lazy\" decoding=\"async\" width=\"1200\" height=\"1006\" data-id=\"9594\" src=\"https:\/\/www.areabesos.com\/diario\/wp-content\/uploads\/2026\/03\/hubaudiovisual3xem_07.png\" alt=\"\" class=\"wp-image-9594\"\/><\/figure>\n\n\n\n<figure class=\"wp-block-image size-large\"><img loading=\"lazy\" decoding=\"async\" width=\"1200\" height=\"991\" data-id=\"9595\" src=\"https:\/\/www.areabesos.com\/diario\/wp-content\/uploads\/2026\/03\/hubaudiovisual3xem_08.png\" alt=\"\" class=\"wp-image-9595\"\/><\/figure>\n<\/figure>\n\n\n\n<p class=\" \">La redacci\u00f3 del projecte executiu i ampliaci\u00f3 de la Nau de Turbines avan\u00e7a amb l&#8217;objectiu de convertir-lo en un equipament de nova generaci\u00f3 que sigui un motor de producci\u00f3 , formaci\u00f3 i, innovaci\u00f3 i cultural digital<\/p>\n\n\n\n<p class=\" \">Alhora, actualment s\u2019est\u00e0 treballant en la redacci\u00f3 del projecte executiu de l\u2019adequaci\u00f3 i ampliaci\u00f3 de la nau, de 22.600 m<sup>2<\/sup>, a partir de la proposta guanyadora del concurs,&nbsp;<em>E la nave va<\/em>. Tindr\u00e0 espais de producci\u00f3 audiovisual i digital, incloent tallers, laboratoris, plat\u00f3s i serveis t\u00e8cnics; zones d\u2019innovaci\u00f3 i suport empresarial, amb resid\u00e8ncies creatives, incubaci\u00f3 i R+D; i zones d\u2019exhibici\u00f3 i experi\u00e8ncies immersives, amb l\u2019espai di\u00e0fan de la sala noble de 5.600\u202fm\u00b2 per a esdeveniments i projeccions immersives, aix\u00ed com un auditori i laboratoris on gaudir d\u2019experi\u00e8ncies vinculades amb l\u2019audiovisual i la cultura digital.<\/p>\n\n\n\n<p>Aix\u00ed mateix, hi haur\u00e0 una oferta de formaci\u00f3 professional i altres ensenyaments dependents del Departament d\u2019Educaci\u00f3 i Formaci\u00f3 Professional, estudis universitaris dependents del Departament de Recerca i Universitats i formaci\u00f3 no reglada. En total, es preveu donar servei a una mitjana d\u2019entre 2.000 i 2.500 alumnes cada any. Concretament, l\u2019espai de formaci\u00f3 professional es configurar\u00e0 com un centre de formaci\u00f3 integrada que oferir\u00e0 diversos cicles mitjos i superiors, aix\u00ed com de formaci\u00f3 cont\u00ednua, i utilitzar\u00e0 puntualment els espais compartits i del centre de recusos.&nbsp;Quant a l\u2019espai de formaci\u00f3 universit\u00e0ria especialitzada en audiovisual i digital, ser\u00e0 de diferents nivells (grau, m\u00e0ster i doctorat), de car\u00e0cter eminentment pr\u00e0ctic i d\u2019\u00fas d\u2019equipaments t\u00e8cnics i inform\u00e0tics. Tamb\u00e9 utilitzar\u00e0 els espais compartits i puntualment els del centre de recursos, aix\u00ed com els d\u2019innovaci\u00f3. El Govern, a trav\u00e9s del Departament de Recerca i Universitats, est\u00e0 treballant amb les principals universitats del pa\u00eds perqu\u00e8 s\u2019integrin en el projecte i hi aportin el seu coneixement i experi\u00e8ncia.<\/p>\n\n\n\n<p>L\u2019objectiu \u00e9s que entre finals de 2028 i principis de 2029 es posi en funcionament&nbsp; aquest equipament de nova generaci\u00f3, concebut com a motor de producci\u00f3, formaci\u00f3, innovaci\u00f3 i cultura digital.<\/p>\n\n\n\n<p>M\u00e9s enll\u00e0 de la Nau de Turbines, la segona pota del Catalunya Media City \u00e9s l&#8217;ampliaci\u00f3 dels plat\u00f3s del parc Audiovisual de Catalunya a Terrassa. A dia d&#8217;avui, ja s&#8217;est\u00e0 redactant el projecte executiu per construir dos nous plat\u00f3s i espais auxiliars per a serveis de producci\u00f3.<\/p>\n","protected":false},"excerpt":{"rendered":"<p>El&nbsp;Catalunya Media City&nbsp;i l&#8217;entorn de les&nbsp;Tres Xemeneies&nbsp;de Sant Adri\u00e0 de Bes\u00f2s avancen cap a la seva transformaci\u00f3 definitiva. La comissi\u00f3 de seguiment s\u2019ha reunit avui i ha analitzat l&#8217;evoluci\u00f3 de les actuacions principals en marxa per fer realitat el projecte del&nbsp;hub audiovisual&nbsp;a l&#8217;antic recinte industrial i omplir de vida i activitat econ\u00f2mica, social i cultural [&hellip;]<\/p>\n","protected":false},"author":2,"featured_media":9596,"comment_status":"closed","ping_status":"open","sticky":false,"template":"","format":"standard","meta":{"footnotes":""},"categories":[134],"tags":[],"class_list":{"0":"post-9588","1":"post","2":"type-post","3":"status-publish","4":"format-standard","5":"has-post-thumbnail","7":"category-actualitat"},"_links":{"self":[{"href":"https:\/\/www.areabesos.com\/diario\/wp-json\/wp\/v2\/posts\/9588","targetHints":{"allow":["GET"]}}],"collection":[{"href":"https:\/\/www.areabesos.com\/diario\/wp-json\/wp\/v2\/posts"}],"about":[{"href":"https:\/\/www.areabesos.com\/diario\/wp-json\/wp\/v2\/types\/post"}],"author":[{"embeddable":true,"href":"https:\/\/www.areabesos.com\/diario\/wp-json\/wp\/v2\/users\/2"}],"replies":[{"embeddable":true,"href":"https:\/\/www.areabesos.com\/diario\/wp-json\/wp\/v2\/comments?post=9588"}],"version-history":[{"count":1,"href":"https:\/\/www.areabesos.com\/diario\/wp-json\/wp\/v2\/posts\/9588\/revisions"}],"predecessor-version":[{"id":9597,"href":"https:\/\/www.areabesos.com\/diario\/wp-json\/wp\/v2\/posts\/9588\/revisions\/9597"}],"wp:featuredmedia":[{"embeddable":true,"href":"https:\/\/www.areabesos.com\/diario\/wp-json\/wp\/v2\/media\/9596"}],"wp:attachment":[{"href":"https:\/\/www.areabesos.com\/diario\/wp-json\/wp\/v2\/media?parent=9588"}],"wp:term":[{"taxonomy":"category","embeddable":true,"href":"https:\/\/www.areabesos.com\/diario\/wp-json\/wp\/v2\/categories?post=9588"},{"taxonomy":"post_tag","embeddable":true,"href":"https:\/\/www.areabesos.com\/diario\/wp-json\/wp\/v2\/tags?post=9588"}],"curies":[{"name":"wp","href":"https:\/\/api.w.org\/{rel}","templated":true}]}}