{"id":9585,"date":"2026-03-11T10:43:39","date_gmt":"2026-03-11T09:43:39","guid":{"rendered":"https:\/\/www.areabesos.com\/diario\/?p=9585"},"modified":"2026-03-11T10:43:41","modified_gmt":"2026-03-11T09:43:41","slug":"activat-jornades-esportives-per-a-tothom","status":"publish","type":"post","link":"https:\/\/www.areabesos.com\/diario\/activat-jornades-esportives-per-a-tothom\/","title":{"rendered":"Activa&#8217;t, jornades esportives per a tothom"},"content":{"rendered":"\n<p class=\" \">Sant Adri\u00e0 de Bes\u00f2s celebrar\u00e0 el proper&nbsp;<strong>14 de mar\u00e7<\/strong>&nbsp;una nova edici\u00f3 de les&nbsp;<strong>Activa&#8217;t, jornades esportives per a tothom,<\/strong>&nbsp;al poliesportiu Marina Bes\u00f2s.<\/p>\n\n\n\n<p>L&#8217;esdeveniment, que aplegar\u00e0 uns 250 participants, t\u00e9 com a objectiu visibilitzar la diversitat funcional, trencar barreres socials i fomentar la conviv\u00e8ncia mitjan\u00e7ant un programa d&#8217;activitats esportives i l\u00fadiques que es desenvolupar\u00e0 durant el mat\u00ed de\u00a0<strong>9.30 a 13.30 h.\u00a0<\/strong>Hi haur\u00e0 competicions de futbol, boccia i tir amb arc, partits de b\u00e0squet i una sessi\u00f3 col\u00b7lectiva de zumba. A les 11.30 h hi haur\u00e0 una pausa amb una actuaci\u00f3 dels Diables i Diablesses de Sant Adri\u00e0. A les 13.30 es far\u00e0 el lliurament de premis<\/p>\n\n\n\n<p>Aquesta iniciativa es fruit del treball conjunt de l&#8217;Ajuntament i les entitats ASSA, BDN Capa\u00e7, Aprodisa, Salut Mental Barcelon\u00e8s Nord, Treball de Vida i Tallers Guinard\u00f3,<\/p>\n\n\n\n<p>Amb aquesta jornada, la ciutat reafirma el seu comprom\u00eds amb l&#8217;esport inclusiu. La pr\u00e0ctica esportiva \u00e9s una eina fonamental per a la transformaci\u00f3 social i la integraci\u00f3 de tothom.<\/p>\n","protected":false},"excerpt":{"rendered":"<p>Sant Adri\u00e0 de Bes\u00f2s celebrar\u00e0 el proper&nbsp;14 de mar\u00e7&nbsp;una nova edici\u00f3 de les&nbsp;Activa&#8217;t, jornades esportives per a tothom,&nbsp;al poliesportiu Marina Bes\u00f2s. L&#8217;esdeveniment, que aplegar\u00e0 uns 250 participants, t\u00e9 com a objectiu visibilitzar la diversitat funcional, trencar barreres socials i fomentar la conviv\u00e8ncia mitjan\u00e7ant un programa d&#8217;activitats esportives i l\u00fadiques que es desenvolupar\u00e0 durant el mat\u00ed [&hellip;]<\/p>\n","protected":false},"author":2,"featured_media":9586,"comment_status":"closed","ping_status":"open","sticky":false,"template":"","format":"standard","meta":{"footnotes":""},"categories":[137],"tags":[],"class_list":{"0":"post-9585","1":"post","2":"type-post","3":"status-publish","4":"format-standard","5":"has-post-thumbnail","7":"category-esports"},"_links":{"self":[{"href":"https:\/\/www.areabesos.com\/diario\/wp-json\/wp\/v2\/posts\/9585","targetHints":{"allow":["GET"]}}],"collection":[{"href":"https:\/\/www.areabesos.com\/diario\/wp-json\/wp\/v2\/posts"}],"about":[{"href":"https:\/\/www.areabesos.com\/diario\/wp-json\/wp\/v2\/types\/post"}],"author":[{"embeddable":true,"href":"https:\/\/www.areabesos.com\/diario\/wp-json\/wp\/v2\/users\/2"}],"replies":[{"embeddable":true,"href":"https:\/\/www.areabesos.com\/diario\/wp-json\/wp\/v2\/comments?post=9585"}],"version-history":[{"count":1,"href":"https:\/\/www.areabesos.com\/diario\/wp-json\/wp\/v2\/posts\/9585\/revisions"}],"predecessor-version":[{"id":9587,"href":"https:\/\/www.areabesos.com\/diario\/wp-json\/wp\/v2\/posts\/9585\/revisions\/9587"}],"wp:featuredmedia":[{"embeddable":true,"href":"https:\/\/www.areabesos.com\/diario\/wp-json\/wp\/v2\/media\/9586"}],"wp:attachment":[{"href":"https:\/\/www.areabesos.com\/diario\/wp-json\/wp\/v2\/media?parent=9585"}],"wp:term":[{"taxonomy":"category","embeddable":true,"href":"https:\/\/www.areabesos.com\/diario\/wp-json\/wp\/v2\/categories?post=9585"},{"taxonomy":"post_tag","embeddable":true,"href":"https:\/\/www.areabesos.com\/diario\/wp-json\/wp\/v2\/tags?post=9585"}],"curies":[{"name":"wp","href":"https:\/\/api.w.org\/{rel}","templated":true}]}}