{"id":9580,"date":"2026-03-10T13:54:43","date_gmt":"2026-03-10T12:54:43","guid":{"rendered":"https:\/\/www.areabesos.com\/diario\/?p=9580"},"modified":"2026-03-10T13:54:46","modified_gmt":"2026-03-10T12:54:46","slug":"lagrupacio-fotografica-sant-adria-publica-les-bases-del-77e-concurs-petxina-dargent","status":"publish","type":"post","link":"https:\/\/www.areabesos.com\/diario\/lagrupacio-fotografica-sant-adria-publica-les-bases-del-77e-concurs-petxina-dargent\/","title":{"rendered":"L\u2019Agrupaci\u00f3 Fotogr\u00e0fica Sant Adri\u00e0 publica les bases del 77\u00e8 concurs Petxina d\u2019argent"},"content":{"rendered":"\n<p>L\u2019Agrupaci\u00f3 Fotogr\u00e0fica Sant Adri\u00e0 de Bes\u00f2s acaba de publicar les bases del seu concurs 77\u00e8 Sal\u00f3 de Fotografia \u00abPetxina d\u2019argent\u00bb. Fins el proper 27 d&#8217;abril es poden presentar fotografies de tem\u00e0tica lliure. El veredicte del jurat es dur\u00e0 a terme el 17 de maig i hi haur\u00e0 una exposici\u00f3 al local de l\u2019entitat del 4 de juny al 31 de juliol.<\/p>\n\n\n\n<p>Aqu\u00ed teniu les bases completes:<\/p>\n\n\n\n<div><a href=\"https:\/\/www.areabesos.com\/diario\/wp-content\/uploads\/2026\/03\/77-PETXINA-Bases.jpg\" class=\"td-modal-image\"><figure class=\"wp-block-image size-full\"><img loading=\"lazy\" decoding=\"async\" width=\"1200\" height=\"849\" src=\"https:\/\/www.areabesos.com\/diario\/wp-content\/uploads\/2026\/03\/77-PETXINA-Bases.jpg\" alt=\"\" class=\"wp-image-9581\"\/><\/figure><\/a><\/div>\n","protected":false},"excerpt":{"rendered":"<p>L\u2019Agrupaci\u00f3 Fotogr\u00e0fica Sant Adri\u00e0 de Bes\u00f2s acaba de publicar les bases del seu concurs 77\u00e8 Sal\u00f3 de Fotografia \u00abPetxina d\u2019argent\u00bb. Fins el proper 27 d&#8217;abril es poden presentar fotografies de tem\u00e0tica lliure. El veredicte del jurat es dur\u00e0 a terme el 17 de maig i hi haur\u00e0 una exposici\u00f3 al local de l\u2019entitat del 4 [&hellip;]<\/p>\n","protected":false},"author":2,"featured_media":9582,"comment_status":"closed","ping_status":"open","sticky":false,"template":"","format":"standard","meta":{"footnotes":""},"categories":[136],"tags":[],"class_list":{"0":"post-9580","1":"post","2":"type-post","3":"status-publish","4":"format-standard","5":"has-post-thumbnail","7":"category-cultura"},"_links":{"self":[{"href":"https:\/\/www.areabesos.com\/diario\/wp-json\/wp\/v2\/posts\/9580","targetHints":{"allow":["GET"]}}],"collection":[{"href":"https:\/\/www.areabesos.com\/diario\/wp-json\/wp\/v2\/posts"}],"about":[{"href":"https:\/\/www.areabesos.com\/diario\/wp-json\/wp\/v2\/types\/post"}],"author":[{"embeddable":true,"href":"https:\/\/www.areabesos.com\/diario\/wp-json\/wp\/v2\/users\/2"}],"replies":[{"embeddable":true,"href":"https:\/\/www.areabesos.com\/diario\/wp-json\/wp\/v2\/comments?post=9580"}],"version-history":[{"count":1,"href":"https:\/\/www.areabesos.com\/diario\/wp-json\/wp\/v2\/posts\/9580\/revisions"}],"predecessor-version":[{"id":9583,"href":"https:\/\/www.areabesos.com\/diario\/wp-json\/wp\/v2\/posts\/9580\/revisions\/9583"}],"wp:featuredmedia":[{"embeddable":true,"href":"https:\/\/www.areabesos.com\/diario\/wp-json\/wp\/v2\/media\/9582"}],"wp:attachment":[{"href":"https:\/\/www.areabesos.com\/diario\/wp-json\/wp\/v2\/media?parent=9580"}],"wp:term":[{"taxonomy":"category","embeddable":true,"href":"https:\/\/www.areabesos.com\/diario\/wp-json\/wp\/v2\/categories?post=9580"},{"taxonomy":"post_tag","embeddable":true,"href":"https:\/\/www.areabesos.com\/diario\/wp-json\/wp\/v2\/tags?post=9580"}],"curies":[{"name":"wp","href":"https:\/\/api.w.org\/{rel}","templated":true}]}}