{"id":9577,"date":"2026-03-17T12:32:19","date_gmt":"2026-03-17T11:32:19","guid":{"rendered":"https:\/\/www.areabesos.com\/diario\/?p=9577"},"modified":"2026-03-17T12:32:20","modified_gmt":"2026-03-17T11:32:20","slug":"el-biscuter-el-cotxe-de-sant-adria","status":"publish","type":"post","link":"https:\/\/www.areabesos.com\/diario\/el-biscuter-el-cotxe-de-sant-adria\/","title":{"rendered":"Xerrada sobre el Bisc\u00fater a l\u2019Arxiu Municipal"},"content":{"rendered":"\n<p>El dimarts 17 de mar\u00e7, a les 18.30 h, l\u2019Arxiu Municipal acollir\u00e0 una xerrada dedicada al Bisc\u00fater, un dels microcotxes m\u00e9s populars de l\u2019Estat espanyol durant la d\u00e8cada de 1950.<\/p>\n\n\n\n<p>La confer\u00e8ncia anir\u00e0 a c\u00e0rrec del periodista especialitzat en el m\u00f3n del motor Manuel Garriga, autor del llibre&nbsp;<em>Bisc\u00fater<\/em>, que far\u00e0 una revisi\u00f3 de la hist\u00f2ria d\u2019aquest vehicle fabricat per l\u2019empresa Autonacional SA a la seva f\u00e0brica de Sant Adri\u00e0 de Bes\u00f2s.<\/p>\n\n\n\n<p>En una \u00e8poca en qu\u00e8 el mercat espanyol de l\u2019autom\u00f2bil estava molt lluny del consum massiu actual, l\u2019aparici\u00f3 de microcotxes assequibles com el Bisc\u00fater va representar un primer pas cap a la democratitzaci\u00f3 de l\u2019autom\u00f2bil. Aquest model es va convertir en una icona d\u2019aquells anys, abans de l\u2019arribada d\u2019utilitaris com el SEAT 600, que van facilitar l\u2019acc\u00e9s al vehicle privat a les classes mitjanes i populars.<\/p>\n","protected":false},"excerpt":{"rendered":"<p>El dimarts 17 de mar\u00e7, a les 18.30 h, l\u2019Arxiu Municipal acollir\u00e0 una xerrada dedicada al Bisc\u00fater, un dels microcotxes m\u00e9s populars de l\u2019Estat espanyol durant la d\u00e8cada de 1950. La confer\u00e8ncia anir\u00e0 a c\u00e0rrec del periodista especialitzat en el m\u00f3n del motor Manuel Garriga, autor del llibre&nbsp;Bisc\u00fater, que far\u00e0 una revisi\u00f3 de la hist\u00f2ria [&hellip;]<\/p>\n","protected":false},"author":2,"featured_media":9578,"comment_status":"closed","ping_status":"open","sticky":false,"template":"","format":"standard","meta":{"footnotes":""},"categories":[136],"tags":[],"class_list":{"0":"post-9577","1":"post","2":"type-post","3":"status-publish","4":"format-standard","5":"has-post-thumbnail","7":"category-cultura"},"_links":{"self":[{"href":"https:\/\/www.areabesos.com\/diario\/wp-json\/wp\/v2\/posts\/9577","targetHints":{"allow":["GET"]}}],"collection":[{"href":"https:\/\/www.areabesos.com\/diario\/wp-json\/wp\/v2\/posts"}],"about":[{"href":"https:\/\/www.areabesos.com\/diario\/wp-json\/wp\/v2\/types\/post"}],"author":[{"embeddable":true,"href":"https:\/\/www.areabesos.com\/diario\/wp-json\/wp\/v2\/users\/2"}],"replies":[{"embeddable":true,"href":"https:\/\/www.areabesos.com\/diario\/wp-json\/wp\/v2\/comments?post=9577"}],"version-history":[{"count":2,"href":"https:\/\/www.areabesos.com\/diario\/wp-json\/wp\/v2\/posts\/9577\/revisions"}],"predecessor-version":[{"id":9599,"href":"https:\/\/www.areabesos.com\/diario\/wp-json\/wp\/v2\/posts\/9577\/revisions\/9599"}],"wp:featuredmedia":[{"embeddable":true,"href":"https:\/\/www.areabesos.com\/diario\/wp-json\/wp\/v2\/media\/9578"}],"wp:attachment":[{"href":"https:\/\/www.areabesos.com\/diario\/wp-json\/wp\/v2\/media?parent=9577"}],"wp:term":[{"taxonomy":"category","embeddable":true,"href":"https:\/\/www.areabesos.com\/diario\/wp-json\/wp\/v2\/categories?post=9577"},{"taxonomy":"post_tag","embeddable":true,"href":"https:\/\/www.areabesos.com\/diario\/wp-json\/wp\/v2\/tags?post=9577"}],"curies":[{"name":"wp","href":"https:\/\/api.w.org\/{rel}","templated":true}]}}