{"id":9574,"date":"2026-03-10T13:29:50","date_gmt":"2026-03-10T12:29:50","guid":{"rendered":"https:\/\/www.areabesos.com\/diario\/?p=9574"},"modified":"2026-03-10T13:29:52","modified_gmt":"2026-03-10T12:29:52","slug":"sant-adria-celebra-el-25e-aniversari-de-la-trobada-de-puntaires","status":"publish","type":"post","link":"https:\/\/www.areabesos.com\/diario\/sant-adria-celebra-el-25e-aniversari-de-la-trobada-de-puntaires\/","title":{"rendered":"Sant Adri\u00e0 celebra el 25\u00e8 aniversari de la Trobada de Puntaires"},"content":{"rendered":"\n<p class=\" \">Sant Adri\u00e0 de Bes\u00f2s es prepara per viure una jornada plena de tradici\u00f3 i artesania. El proper&nbsp;<strong>14 de mar\u00e7<\/strong>, la pl. de la Vila es convertir\u00e0, de 10 a 13 h, en l\u2019escenari de la&nbsp;<strong>25a Trobada de Puntaires<\/strong>, una edici\u00f3 molt especial que celebra un quart de segle mantenint viu l\u2019art de les puntes al coix\u00ed al nostre municipi.<\/p>\n\n\n\n<p><strong>Una tradici\u00f3 amb hist\u00f2ria local<\/strong><\/p>\n\n\n\n<p class=\" \">L&#8217;ofici, i afici\u00f3,de puntaire \u00e9s una de les tasques artesanes amb m\u00e9s hist\u00f2ria, i a Sant Adri\u00e0 compta amb un gran arrelament gr\u00e0cies a dues entitats que la mantenen viva: l\u2019associaci\u00f3 Dones de Sant Adri\u00e0 i l\u2019associaci\u00f3 Dones de l\u2019Agulla Daurada.<\/p>\n\n\n\n<p>Enguany, per celebrar els 25 anys de trobades, la cita no es limitar\u00e0 nom\u00e9s a les puntes, sin\u00f3 que&nbsp;<strong>s\u2019obrir\u00e0 a altres labors t\u00e8xtils<\/strong>, mostrant la riquesa i diversitat del treball fet a m\u00e0. La nostra ciutat t\u00e9 un passat estretament lligat al sector t\u00e8xtil, ja que va albergar la col\u00f2nia<strong>&nbsp;Can Baurier<\/strong>, on les dones van ser les grans protagonistes.<\/p>\n\n\n\n<p>Si voleu con\u00e8ixer m\u00e9s sobre aquesta hist\u00f2ria, podeu visitar l\u2019<strong>exposici\u00f3 permanent al Casal de Cultura&nbsp;<\/strong>(c. de la Mare de D\u00e9u del Carme, 22). Aquest equipament \u00e9s tamb\u00e9 la seu de les dues associacions organitzadores. Si teniu inter\u00e8s en con\u00e8ixer les seves activitats o aprendre l&#8217;ofici, podeu contactar amb elles directament al mateix Casal.<\/p>\n","protected":false},"excerpt":{"rendered":"<p>Sant Adri\u00e0 de Bes\u00f2s es prepara per viure una jornada plena de tradici\u00f3 i artesania. El proper&nbsp;14 de mar\u00e7, la pl. de la Vila es convertir\u00e0, de 10 a 13 h, en l\u2019escenari de la&nbsp;25a Trobada de Puntaires, una edici\u00f3 molt especial que celebra un quart de segle mantenint viu l\u2019art de les puntes al [&hellip;]<\/p>\n","protected":false},"author":2,"featured_media":9575,"comment_status":"closed","ping_status":"open","sticky":false,"template":"","format":"standard","meta":{"footnotes":""},"categories":[136],"tags":[],"class_list":{"0":"post-9574","1":"post","2":"type-post","3":"status-publish","4":"format-standard","5":"has-post-thumbnail","7":"category-cultura"},"_links":{"self":[{"href":"https:\/\/www.areabesos.com\/diario\/wp-json\/wp\/v2\/posts\/9574","targetHints":{"allow":["GET"]}}],"collection":[{"href":"https:\/\/www.areabesos.com\/diario\/wp-json\/wp\/v2\/posts"}],"about":[{"href":"https:\/\/www.areabesos.com\/diario\/wp-json\/wp\/v2\/types\/post"}],"author":[{"embeddable":true,"href":"https:\/\/www.areabesos.com\/diario\/wp-json\/wp\/v2\/users\/2"}],"replies":[{"embeddable":true,"href":"https:\/\/www.areabesos.com\/diario\/wp-json\/wp\/v2\/comments?post=9574"}],"version-history":[{"count":1,"href":"https:\/\/www.areabesos.com\/diario\/wp-json\/wp\/v2\/posts\/9574\/revisions"}],"predecessor-version":[{"id":9576,"href":"https:\/\/www.areabesos.com\/diario\/wp-json\/wp\/v2\/posts\/9574\/revisions\/9576"}],"wp:featuredmedia":[{"embeddable":true,"href":"https:\/\/www.areabesos.com\/diario\/wp-json\/wp\/v2\/media\/9575"}],"wp:attachment":[{"href":"https:\/\/www.areabesos.com\/diario\/wp-json\/wp\/v2\/media?parent=9574"}],"wp:term":[{"taxonomy":"category","embeddable":true,"href":"https:\/\/www.areabesos.com\/diario\/wp-json\/wp\/v2\/categories?post=9574"},{"taxonomy":"post_tag","embeddable":true,"href":"https:\/\/www.areabesos.com\/diario\/wp-json\/wp\/v2\/tags?post=9574"}],"curies":[{"name":"wp","href":"https:\/\/api.w.org\/{rel}","templated":true}]}}