{"id":9571,"date":"2026-03-10T12:25:42","date_gmt":"2026-03-10T11:25:42","guid":{"rendered":"https:\/\/www.areabesos.com\/diario\/?p=9571"},"modified":"2026-03-10T12:25:45","modified_gmt":"2026-03-10T11:25:45","slug":"primer-concert-de-musica-coral-de-lescola-municipal-de-musica-benet-bails","status":"publish","type":"post","link":"https:\/\/www.areabesos.com\/diario\/primer-concert-de-musica-coral-de-lescola-municipal-de-musica-benet-bails\/","title":{"rendered":"Primer Concert de m\u00fasica coral de l&#8217;Escola Municipal de M\u00fasica Benet Ba\u00efls"},"content":{"rendered":"\n<p class=\" \">En el marc del vint\u00e8 aniversari de l\u2019Escola Municipal de M\u00fasica Benet Ba\u00efls, l\u2019alumnat de 1r i 2n de b\u00e0sic de l\u2019assignatura de Llenguatge Musical presentaran amb il\u00b7lusi\u00f3 el projecte coral d\u2019aquest curs, una proposta que combina aprenentatge, expressi\u00f3 art\u00edstica i celebraci\u00f3 col\u00b7lectiva compartint escenari amb gaireb\u00e9 50 companys de l\u2019escola.<\/p>\n\n\n\n<p>El concert s\u2019estructurar\u00e0 en dues parts diferenciades. En la primera, el p\u00fablic podr\u00e0 gaudir d\u2019un petit recorregut musical per diversos indrets del m\u00f3n i en la segona part, la coral ens endinsar\u00e0 en un univers molt especial: una selecci\u00f3 de can\u00e7ons emblem\u00e0tiques de les pel\u00b7l\u00edcules Disney, melodies que formen part de la mem\u00f2ria col\u00b7lectiva i que continuen emocionant a generacions senceres.<\/p>\n\n\n\n<p>Aquesta actuaci\u00f3 vol ser, sobretot, una celebraci\u00f3 de la m\u00fasica, de l\u2019esfor\u00e7 de l\u2019alumnat i del cam\u00ed recorregut per l\u2019escola al llarg d\u2019aquests vint anys al servei de la formaci\u00f3 art\u00edstica de la ciutat.<\/p>\n\n\n\n<p>El concert tindr\u00e0 lloc el divendres\u00a0<strong>20 de mar\u00e7, al Casal de Cultura\u00a0<\/strong>(carrer de la Mare de D\u00e9u del Carme, 22)<strong>, a les 20<\/strong><strong>\u00a0h.<\/strong>\u00a0L\u2019entrada ser\u00e0 gratu\u00efta i ja es poden recollir les invitacions a l\u2019Escola de M\u00fasica, de 16 a 20 h.<\/p>\n","protected":false},"excerpt":{"rendered":"<p>En el marc del vint\u00e8 aniversari de l\u2019Escola Municipal de M\u00fasica Benet Ba\u00efls, l\u2019alumnat de 1r i 2n de b\u00e0sic de l\u2019assignatura de Llenguatge Musical presentaran amb il\u00b7lusi\u00f3 el projecte coral d\u2019aquest curs, una proposta que combina aprenentatge, expressi\u00f3 art\u00edstica i celebraci\u00f3 col\u00b7lectiva compartint escenari amb gaireb\u00e9 50 companys de l\u2019escola. El concert s\u2019estructurar\u00e0 en [&hellip;]<\/p>\n","protected":false},"author":2,"featured_media":9572,"comment_status":"closed","ping_status":"open","sticky":false,"template":"","format":"standard","meta":{"footnotes":""},"categories":[136],"tags":[],"class_list":{"0":"post-9571","1":"post","2":"type-post","3":"status-publish","4":"format-standard","5":"has-post-thumbnail","7":"category-cultura"},"_links":{"self":[{"href":"https:\/\/www.areabesos.com\/diario\/wp-json\/wp\/v2\/posts\/9571","targetHints":{"allow":["GET"]}}],"collection":[{"href":"https:\/\/www.areabesos.com\/diario\/wp-json\/wp\/v2\/posts"}],"about":[{"href":"https:\/\/www.areabesos.com\/diario\/wp-json\/wp\/v2\/types\/post"}],"author":[{"embeddable":true,"href":"https:\/\/www.areabesos.com\/diario\/wp-json\/wp\/v2\/users\/2"}],"replies":[{"embeddable":true,"href":"https:\/\/www.areabesos.com\/diario\/wp-json\/wp\/v2\/comments?post=9571"}],"version-history":[{"count":1,"href":"https:\/\/www.areabesos.com\/diario\/wp-json\/wp\/v2\/posts\/9571\/revisions"}],"predecessor-version":[{"id":9573,"href":"https:\/\/www.areabesos.com\/diario\/wp-json\/wp\/v2\/posts\/9571\/revisions\/9573"}],"wp:featuredmedia":[{"embeddable":true,"href":"https:\/\/www.areabesos.com\/diario\/wp-json\/wp\/v2\/media\/9572"}],"wp:attachment":[{"href":"https:\/\/www.areabesos.com\/diario\/wp-json\/wp\/v2\/media?parent=9571"}],"wp:term":[{"taxonomy":"category","embeddable":true,"href":"https:\/\/www.areabesos.com\/diario\/wp-json\/wp\/v2\/categories?post=9571"},{"taxonomy":"post_tag","embeddable":true,"href":"https:\/\/www.areabesos.com\/diario\/wp-json\/wp\/v2\/tags?post=9571"}],"curies":[{"name":"wp","href":"https:\/\/api.w.org\/{rel}","templated":true}]}}