{"id":9564,"date":"2026-03-09T12:41:20","date_gmt":"2026-03-09T11:41:20","guid":{"rendered":"https:\/\/www.areabesos.com\/diario\/?p=9564"},"modified":"2026-03-09T12:41:24","modified_gmt":"2026-03-09T11:41:24","slug":"la-exposicion-la-palabra-cofrade-no-tiene-genero-se-clausura-con-la-presentacion-del-libro-recetas-de-pasion-y-gloria-vol-ii","status":"publish","type":"post","link":"https:\/\/www.areabesos.com\/diario\/la-exposicion-la-palabra-cofrade-no-tiene-genero-se-clausura-con-la-presentacion-del-libro-recetas-de-pasion-y-gloria-vol-ii\/","title":{"rendered":"La exposici\u00f3n \u00abLa palabra cofrade no tiene g\u00e9nero\u00bb se clausura con la presentaci\u00f3n del libro \u00abRecetas de Pasi\u00f3n y Gloria. Vol. II\u00bb"},"content":{"rendered":"\n<p>El viernes 6 de marzo, tuvo lugar el acto de clausura de la exposici\u00f3n fotogr\u00e1fica \u201cLa palabra cofrade no tiene g\u00e9nero\u201d dedicada a la mujer cofrade que ha estado expuesta en el Casal de Dalt de la Vila de Sant Adri\u00e0 de Bes\u00f2s desde el 6 de febrero.<\/p>\n\n\n\n<p>Durante un mes, el p\u00fablico ha podido apreciar las capacidades de la mujer cofrade, palp\u00e1ndose el tes\u00f3n que hay detr\u00e1s para lograr participar de sus hermandades y cofrad\u00edas de la misma forma que un hombre, tes\u00f3n que se intuye fruto del amor a Cristo y su madre y pasi\u00f3n por sus advocaciones de su Cofrad\u00eda o Hermandad.<\/p>\n\n\n\n<p>Empez\u00f3 el acto dando la bienvenida a los asistentes, m\u00e1s numerosos en esta ocasi\u00f3n. Seguidamente Manolo Huertas del CERCAT (Centro de Estudios Rocieros y Cultura Andaluza en Catalu\u00f1a), centro colaborador con la Asociaci\u00f3n de Mujeres Cofrades de Barcelona tanto en la exposici\u00f3n como en el libro, present\u00f3 el libro \u00abRecetas de Pasi\u00f3n y Gloria. Vol II\u00bb, haciendo hincapi\u00e9 en el sentir de las personas que dejaron su tierra buscando mejorar su calidad de vida en las ciudades donde hab\u00eda trabajo. Sentir y a\u00f1oranza que mitigaron fundando Hermandades y Cofrad\u00edas a semejanza de las que dejaron atr\u00e1s, y trayendo consigo su cocina, llenando el hogar del sabor y olor de sus ra\u00edces en tiempos de Cuaresma, Semana Santa o Roc\u00edo.<\/p>\n\n\n\n<figure class=\"wp-block-gallery has-nested-images columns-default is-cropped td-modal-on-gallery wp-block-gallery-1 is-layout-flex wp-block-gallery-is-layout-flex\">\n<figure class=\"wp-block-image size-full\"><img loading=\"lazy\" decoding=\"async\" width=\"1200\" height=\"638\" data-id=\"9566\" src=\"https:\/\/www.areabesos.com\/diario\/wp-content\/uploads\/2026\/03\/presentacionlibrorecetas2026_02.jpg\" alt=\"\" class=\"wp-image-9566\"\/><\/figure>\n\n\n\n<figure class=\"wp-block-image size-full\"><img loading=\"lazy\" decoding=\"async\" width=\"1200\" height=\"900\" data-id=\"9565\" src=\"https:\/\/www.areabesos.com\/diario\/wp-content\/uploads\/2026\/03\/presentacionlibrorecetas2026_01.jpg\" alt=\"\" class=\"wp-image-9565\"\/><\/figure>\n<\/figure>\n\n\n\n<p>A continuaci\u00f3n, en la mesa redonda \u00abGastronom\u00eda Cofrade\u00bb, Isama Rodr\u00edguez, de la Hermandad Nuestra Se\u00f1ora del Roc\u00edo Las Marismas, nos habl\u00f3 de la cocina de Gloria, principalmente la del Roc\u00edo. Isama nos explic\u00f3 como toman energ\u00eda para el camino con calditos calientes, y como cada tiempo en el Roc\u00edo viene marcado por su comida concreta.<\/p>\n\n\n\n<p>Loli Ferrer, de la Hermandad del Sant\u00edsimo Cristo Redentor y Nuestra Se\u00f1ora de La Soledad de Badalona, nos deleit\u00f3 con una charla de la cocina de \u201cPenitencia\u201d, de la tra\u00edda de otras tierras y de la t\u00edpica catalana, como la mona de pascua o el bacall\u00e0 a la llauna.<\/p>\n\n\n\n<p>Con la charla de Elisabeth Laplaza, de la Hermandad Salesiana de La Ver\u00f3nica, nos relam\u00edamos al escuchar la receta del potaje de vigilia relacionada con el car\u00e1cter Salesiano de la Hermandad, relaci\u00f3n que explic\u00f3 detalladamente.<\/p>\n\n\n\n<figure class=\"wp-block-gallery has-nested-images columns-default is-cropped td-modal-on-gallery wp-block-gallery-2 is-layout-flex wp-block-gallery-is-layout-flex\">\n<figure class=\"wp-block-image size-full\"><img loading=\"lazy\" decoding=\"async\" width=\"1200\" height=\"1220\" data-id=\"9569\" src=\"https:\/\/www.areabesos.com\/diario\/wp-content\/uploads\/2026\/03\/presentacionlibrorecetas2026_05.jpg\" alt=\"\" class=\"wp-image-9569\"\/><\/figure>\n\n\n\n<figure class=\"wp-block-image size-full\"><img loading=\"lazy\" decoding=\"async\" width=\"900\" height=\"1200\" data-id=\"9568\" src=\"https:\/\/www.areabesos.com\/diario\/wp-content\/uploads\/2026\/03\/presentacionlibrorecetas2026_04.jpg\" alt=\"\" class=\"wp-image-9568\"\/><\/figure>\n<\/figure>\n\n\n\n<p>Para finalizar, antes del aperitivo, un momento muy esperado por algunos de los asistentes como es la entrega de reconocimientos a dos mujeres que llevaban m\u00e1s de 40 a\u00f1os trabajando por su Hermandad, la de Nuestro Padre Jes\u00fas Nazareno y Nuestra Se\u00f1ora de la Esperanza de Matar\u00f3. Isabel No\u00e9 Taberner y Carmen Oliva Mancha, que empezaron cosiendo ropa para las im\u00e1genes, que por cierto todav\u00eda no ten\u00edan, dec\u00eda Carmen \u201cest\u00e1bamos nosotras antes que El Nazareno\u201d \u2026 Y no solamente cosiendo sino regalando, y as\u00ed han seguido hasta ahora, adem\u00e1s de abrir la capilla cada viernes y s\u00e1bado, vender loter\u00eda y lo que haga falta. Mujeres dignas de admiraci\u00f3n tambi\u00e9n por su humildad y alegr\u00eda con la que trabajan sin esperar nada a cambio, a las que el reconocimiento les ha venido por sorpresa, afirmando que no eran merecedoras de tal premio, pero muy contentas e ilusionadas de haberlo recibido, por cierto, acompa\u00f1adas con el cari\u00f1o de varios miembros de su Hermandad y su junta directiva. Ha sido un honor para nosotras aprender de su testimonio y poder entregarles este galard\u00f3n.<\/p>\n\n\n\n<p><strong>Asociaci\u00f3n de Mujeres Cofrades de Barcelona<\/strong><\/p>\n","protected":false},"excerpt":{"rendered":"<p>El viernes 6 de marzo, tuvo lugar el acto de clausura de la exposici\u00f3n fotogr\u00e1fica \u201cLa palabra cofrade no tiene g\u00e9nero\u201d dedicada a la mujer cofrade que ha estado expuesta en el Casal de Dalt de la Vila de Sant Adri\u00e0 de Bes\u00f2s desde el 6 de febrero. Durante un mes, el p\u00fablico ha podido [&hellip;]<\/p>\n","protected":false},"author":2,"featured_media":9567,"comment_status":"closed","ping_status":"open","sticky":false,"template":"","format":"standard","meta":{"footnotes":""},"categories":[136],"tags":[],"class_list":{"0":"post-9564","1":"post","2":"type-post","3":"status-publish","4":"format-standard","5":"has-post-thumbnail","7":"category-cultura"},"_links":{"self":[{"href":"https:\/\/www.areabesos.com\/diario\/wp-json\/wp\/v2\/posts\/9564","targetHints":{"allow":["GET"]}}],"collection":[{"href":"https:\/\/www.areabesos.com\/diario\/wp-json\/wp\/v2\/posts"}],"about":[{"href":"https:\/\/www.areabesos.com\/diario\/wp-json\/wp\/v2\/types\/post"}],"author":[{"embeddable":true,"href":"https:\/\/www.areabesos.com\/diario\/wp-json\/wp\/v2\/users\/2"}],"replies":[{"embeddable":true,"href":"https:\/\/www.areabesos.com\/diario\/wp-json\/wp\/v2\/comments?post=9564"}],"version-history":[{"count":1,"href":"https:\/\/www.areabesos.com\/diario\/wp-json\/wp\/v2\/posts\/9564\/revisions"}],"predecessor-version":[{"id":9570,"href":"https:\/\/www.areabesos.com\/diario\/wp-json\/wp\/v2\/posts\/9564\/revisions\/9570"}],"wp:featuredmedia":[{"embeddable":true,"href":"https:\/\/www.areabesos.com\/diario\/wp-json\/wp\/v2\/media\/9567"}],"wp:attachment":[{"href":"https:\/\/www.areabesos.com\/diario\/wp-json\/wp\/v2\/media?parent=9564"}],"wp:term":[{"taxonomy":"category","embeddable":true,"href":"https:\/\/www.areabesos.com\/diario\/wp-json\/wp\/v2\/categories?post=9564"},{"taxonomy":"post_tag","embeddable":true,"href":"https:\/\/www.areabesos.com\/diario\/wp-json\/wp\/v2\/tags?post=9564"}],"curies":[{"name":"wp","href":"https:\/\/api.w.org\/{rel}","templated":true}]}}