{"id":9558,"date":"2026-03-01T11:01:42","date_gmt":"2026-03-01T10:01:42","guid":{"rendered":"https:\/\/www.areabesos.com\/diario\/?p=9558"},"modified":"2026-03-03T11:02:43","modified_gmt":"2026-03-03T10:02:43","slug":"angel-gil-elegit-candidat-a-lalcaldia-per-junts","status":"publish","type":"post","link":"https:\/\/www.areabesos.com\/diario\/angel-gil-elegit-candidat-a-lalcaldia-per-junts\/","title":{"rendered":"\u00c0ngel Gil, elegit candidat a l\u2019Alcaldia per Junts"},"content":{"rendered":"\n<p>L\u2019Assemblea de Junts per Catalunya reunida el passat divendres 27 de febrer, va elegir per unanimitat a \u00c0ngel Gil com a candidat a l\u2019alcaldia de la ciutat.<\/p>\n\n\n\n<p>La unanimitat assolida per Gil demostra l\u2019alt grau de consens al seu projecte, que passa per fer de Sant Adri\u00e0 una ciutat m\u00e9s amable per a la ciutadania, m\u00e9s neta i segura, m\u00e9s ambiciosa i m\u00e9s emprenedora.<\/p>\n\n\n\n<p>Gil, vinculat a la comunicaci\u00f3 i al sector ferroviari, representa l\u2019esperit renovador de Junts i l\u2019esperit de canvi que Sant Adri\u00e0 necessita.<\/p>\n\n\n\n<p>En paraules de Gil els tres eixos claus del seu projecte s\u00f3n \u201cambici\u00f3, gesti\u00f3 i transpar\u00e8ncia\u201d. Ambici\u00f3 per aprofitar la conjuntura i passar d\u2019abocador de Barcelona a motor. Gesti\u00f3 per a que la transformaci\u00f3 sigui per a tota la ciutadania, que ning\u00fa quedi enrere, disminu\u00efm la desigualtat social i millorem l\u2019acc\u00e9s a una educaci\u00f3 de qualitat. I transpar\u00e8ncia per a que el futur d\u2019adrianenques i adrianencs no es faci d\u2019esquena a ells si no amb i per ells-<\/p>\n\n\n\n<p>A parer del ja candidat a l\u2019alcaldia, a Sant Adri\u00e0 li calen: pol\u00edtiques de transformaci\u00f3 valentes, un urbanisme m\u00e9s amable que posin la persona al centre de les pol\u00edtiques, cosir ferides i que es cre\u00ef riquesa pels nostres ciutadans. Afirma Gil que \u201ccal un canvi radical en la orientaci\u00f3 pol\u00edtica per a fer-ho possible. Sant Adri\u00e0 t\u00e9 totes les condicions, per\u00f2 no t\u00e9 ambici\u00f3, i la pol\u00edtica o la fas, o te la fan\u201d.<\/p>\n\n\n\n<p>A l\u2019Assemblea hi han participat Pilar Calvo, Diputada al Congr\u00e8s dels Diputats, Josep Rius, Vicepresident de Junts i Diputat al Parlament de Catalunya i David Ramey, President Comarcal de la formaci\u00f3 que ha destacat que \u201cSant Adri\u00e0 \u00e9s una ciutat clau per al Barcelon\u00e8s i l\u2019\u00c0rea Metropolitana i que els reptes i oportunitats que t\u00e9 al davant nom\u00e9s es podran assolir si Junts hi t\u00e9 un paper clau a la ciutat i que per aix\u00f2 la direcci\u00f3 nacional de Junts hi est\u00e0 apostant de manera ferma&nbsp; i estrat\u00e8gica al voltant de la candidatura que encap\u00e7ala l\u2019\u00c0ngel Gil\u201d.<\/p>\n","protected":false},"excerpt":{"rendered":"<p>L\u2019Assemblea de Junts per Catalunya reunida el passat divendres 27 de febrer, va elegir per unanimitat a \u00c0ngel Gil com a candidat a l\u2019alcaldia de la ciutat. La unanimitat assolida per Gil demostra l\u2019alt grau de consens al seu projecte, que passa per fer de Sant Adri\u00e0 una ciutat m\u00e9s amable per a la ciutadania, [&hellip;]<\/p>\n","protected":false},"author":2,"featured_media":9559,"comment_status":"closed","ping_status":"open","sticky":false,"template":"","format":"standard","meta":{"footnotes":""},"categories":[134],"tags":[],"class_list":{"0":"post-9558","1":"post","2":"type-post","3":"status-publish","4":"format-standard","5":"has-post-thumbnail","7":"category-actualitat"},"_links":{"self":[{"href":"https:\/\/www.areabesos.com\/diario\/wp-json\/wp\/v2\/posts\/9558","targetHints":{"allow":["GET"]}}],"collection":[{"href":"https:\/\/www.areabesos.com\/diario\/wp-json\/wp\/v2\/posts"}],"about":[{"href":"https:\/\/www.areabesos.com\/diario\/wp-json\/wp\/v2\/types\/post"}],"author":[{"embeddable":true,"href":"https:\/\/www.areabesos.com\/diario\/wp-json\/wp\/v2\/users\/2"}],"replies":[{"embeddable":true,"href":"https:\/\/www.areabesos.com\/diario\/wp-json\/wp\/v2\/comments?post=9558"}],"version-history":[{"count":1,"href":"https:\/\/www.areabesos.com\/diario\/wp-json\/wp\/v2\/posts\/9558\/revisions"}],"predecessor-version":[{"id":9560,"href":"https:\/\/www.areabesos.com\/diario\/wp-json\/wp\/v2\/posts\/9558\/revisions\/9560"}],"wp:featuredmedia":[{"embeddable":true,"href":"https:\/\/www.areabesos.com\/diario\/wp-json\/wp\/v2\/media\/9559"}],"wp:attachment":[{"href":"https:\/\/www.areabesos.com\/diario\/wp-json\/wp\/v2\/media?parent=9558"}],"wp:term":[{"taxonomy":"category","embeddable":true,"href":"https:\/\/www.areabesos.com\/diario\/wp-json\/wp\/v2\/categories?post=9558"},{"taxonomy":"post_tag","embeddable":true,"href":"https:\/\/www.areabesos.com\/diario\/wp-json\/wp\/v2\/tags?post=9558"}],"curies":[{"name":"wp","href":"https:\/\/api.w.org\/{rel}","templated":true}]}}