{"id":9417,"date":"2026-02-06T10:33:56","date_gmt":"2026-02-06T09:33:56","guid":{"rendered":"https:\/\/www.areabesos.com\/diario\/?p=9417"},"modified":"2026-02-06T11:21:11","modified_gmt":"2026-02-06T10:21:11","slug":"una-exposicion-sobre-la-mujer-cofrade-pone-el-foco-en-la-igualdad","status":"publish","type":"post","link":"https:\/\/www.areabesos.com\/diario\/una-exposicion-sobre-la-mujer-cofrade-pone-el-foco-en-la-igualdad\/","title":{"rendered":"Una exposici\u00f3n sobre la mujer cofrade pone el foco en la igualdad"},"content":{"rendered":"\n<p>La Asociaci\u00f3n de Mujeres Cofrades de Barcelona y el Centro de Estudios Rocieros y Cultura Andaluza en Catalu\u00f1a (CERCAT), que este a\u00f1o celebra su vig\u00e9simo aniversario, organizan la exposici\u00f3n \u201cLa palabra cofrade no tiene g\u00e9nero\u201d, que podr\u00e1 visitarse del 6 de febrero al 8 de marzo en el Casal Dalt de la Vila de Sant Adri\u00e0 de Bes\u00f2s (pla\u00e7a de l&#8217;Esgl\u00e9sia, 13, cerca de la parada de metro de la L2 Artigues Sant Adri\u00e0. El d\u00eda de la inauguraci\u00f3n, el pr\u00f3ximo viernes 6 de febrero a partir de las 19.30 horas, organizar\u00e1 una mesa redonda bajo el t\u00edtulo \u00abLas mujeres cofrades del futuro\u00bb en la que participar\u00e1n diversas mujeres de hermandades y cofrad\u00edas para hablar del papel de la mujer en los diferentes momentos de la vida, en la infancia, la adolescencia y la madurez.<br>Adem\u00e1s, durante los d\u00edas que permanecer\u00e1 abierta la exposici\u00f3n, tambi\u00e9n se podr\u00e1n ver 15 maquetas de pasos de Semana Santa creadas por el maestro Carlos Verano, un longevo pesebrista que ya ha expuesto su obra en diversas localidades de Catalunya como L\u2019Hospitalet de Llobregat o Badalona.<\/p>\n\n\n\n<p>La muestra se podr\u00e1 visitar en el Casal Dalt de la Vila de Sant Adri\u00e0 los martes y jueves de 16 a 20 horas, y los mi\u00e9rcoles y viernes de 9 a 13 horas. Los lunes el centro permanece cerrado. Cuenta con la colaboraci\u00f3n de la Generalitat de Catalunya, la Junta de Andaluc\u00eda, la Diputaci\u00f3n de Barcelona, el Ayuntamiento de Sant Adri\u00e0 de Bes\u00f2s y la revista Ra\u00edces Andaluzas.<\/p>\n\n\n\n<div><a href=\"https:\/\/www.areabesos.com\/diario\/wp-content\/uploads\/2026\/01\/1-Que-comience-la-Semana-Santa_Jordi-Merino_2025.jpg\" class=\"td-modal-image\"><figure class=\"wp-block-image size-full\"><img loading=\"lazy\" decoding=\"async\" width=\"1200\" height=\"800\" src=\"https:\/\/www.areabesos.com\/diario\/wp-content\/uploads\/2026\/01\/1-Que-comience-la-Semana-Santa_Jordi-Merino_2025.jpg\" alt=\"\" class=\"wp-image-9418\"\/><figcaption class=\"wp-element-caption\">Una de las im\u00e1genes de la exposici\u00f3n, \u00ab\u00a1Qu\u00e9 comience la Semana Santa\u00bb, de Jordi Merino. Arriba, otra de las im\u00e1genes, \u00abCofrade 4\u00bb, de Izan Merino Torralba.<\/figcaption><\/figure><\/a><\/div>\n\n\n\n<figure class=\"wp-block-gallery has-nested-images columns-default is-cropped td-modal-on-gallery wp-block-gallery-1 is-layout-flex wp-block-gallery-is-layout-flex\">\n<div><a href=\"https:\/\/www.areabesos.com\/diario\/wp-content\/uploads\/2026\/01\/maqueta03.jpeg\" class=\"td-modal-image\"><figure class=\"wp-block-image size-large\"><img loading=\"lazy\" decoding=\"async\" width=\"900\" height=\"1200\" data-id=\"9425\" src=\"https:\/\/www.areabesos.com\/diario\/wp-content\/uploads\/2026\/01\/maqueta03.jpeg\" alt=\"\" class=\"wp-image-9425\"\/><\/figure><\/a><\/div>\n\n\n\n<div><a href=\"https:\/\/www.areabesos.com\/diario\/wp-content\/uploads\/2026\/01\/maqueta02.jpeg\" class=\"td-modal-image\"><figure class=\"wp-block-image size-large\"><img loading=\"lazy\" decoding=\"async\" width=\"900\" height=\"1200\" data-id=\"9426\" src=\"https:\/\/www.areabesos.com\/diario\/wp-content\/uploads\/2026\/01\/maqueta02.jpeg\" alt=\"\" class=\"wp-image-9426\"\/><\/figure><\/a><\/div>\n\n\n\n<div><a href=\"https:\/\/www.areabesos.com\/diario\/wp-content\/uploads\/2026\/01\/maqueta01.jpeg\" class=\"td-modal-image\"><figure class=\"wp-block-image size-large\"><img loading=\"lazy\" decoding=\"async\" width=\"900\" height=\"1200\" data-id=\"9428\" src=\"https:\/\/www.areabesos.com\/diario\/wp-content\/uploads\/2026\/01\/maqueta01.jpeg\" alt=\"\" class=\"wp-image-9428\"\/><\/figure><\/a><\/div>\n<figcaption class=\"blocks-gallery-caption wp-element-caption\">Algunas de las maquetas del maestro Carlos Verano.<\/figcaption><\/figure>\n\n\n\n<div><a href=\"https:\/\/www.areabesos.com\/diario\/wp-content\/uploads\/2026\/01\/cartel-expo-cercat-2026.jpg\" class=\"td-modal-image\"><figure class=\"wp-block-image size-full\"><img loading=\"lazy\" decoding=\"async\" width=\"857\" height=\"1200\" src=\"https:\/\/www.areabesos.com\/diario\/wp-content\/uploads\/2026\/01\/cartel-expo-cercat-2026.jpg\" alt=\"\" class=\"wp-image-9430\"\/><\/figure><\/a><\/div>\n","protected":false},"excerpt":{"rendered":"<p>La Asociaci\u00f3n de Mujeres Cofrades de Barcelona y el Centro de Estudios Rocieros y Cultura Andaluza en Catalu\u00f1a (CERCAT), que este a\u00f1o celebra su vig\u00e9simo aniversario, organizan la exposici\u00f3n \u201cLa palabra cofrade no tiene g\u00e9nero\u201d, que podr\u00e1 visitarse del 6 de febrero al 8 de marzo en el Casal Dalt de la Vila de Sant [&hellip;]<\/p>\n","protected":false},"author":1,"featured_media":9419,"comment_status":"closed","ping_status":"open","sticky":false,"template":"","format":"standard","meta":{"footnotes":""},"categories":[136],"tags":[],"class_list":{"0":"post-9417","1":"post","2":"type-post","3":"status-publish","4":"format-standard","5":"has-post-thumbnail","7":"category-cultura"},"_links":{"self":[{"href":"https:\/\/www.areabesos.com\/diario\/wp-json\/wp\/v2\/posts\/9417","targetHints":{"allow":["GET"]}}],"collection":[{"href":"https:\/\/www.areabesos.com\/diario\/wp-json\/wp\/v2\/posts"}],"about":[{"href":"https:\/\/www.areabesos.com\/diario\/wp-json\/wp\/v2\/types\/post"}],"author":[{"embeddable":true,"href":"https:\/\/www.areabesos.com\/diario\/wp-json\/wp\/v2\/users\/1"}],"replies":[{"embeddable":true,"href":"https:\/\/www.areabesos.com\/diario\/wp-json\/wp\/v2\/comments?post=9417"}],"version-history":[{"count":4,"href":"https:\/\/www.areabesos.com\/diario\/wp-json\/wp\/v2\/posts\/9417\/revisions"}],"predecessor-version":[{"id":9432,"href":"https:\/\/www.areabesos.com\/diario\/wp-json\/wp\/v2\/posts\/9417\/revisions\/9432"}],"wp:featuredmedia":[{"embeddable":true,"href":"https:\/\/www.areabesos.com\/diario\/wp-json\/wp\/v2\/media\/9419"}],"wp:attachment":[{"href":"https:\/\/www.areabesos.com\/diario\/wp-json\/wp\/v2\/media?parent=9417"}],"wp:term":[{"taxonomy":"category","embeddable":true,"href":"https:\/\/www.areabesos.com\/diario\/wp-json\/wp\/v2\/categories?post=9417"},{"taxonomy":"post_tag","embeddable":true,"href":"https:\/\/www.areabesos.com\/diario\/wp-json\/wp\/v2\/tags?post=9417"}],"curies":[{"name":"wp","href":"https:\/\/api.w.org\/{rel}","templated":true}]}}