{"id":9411,"date":"2026-01-28T13:41:17","date_gmt":"2026-01-28T12:41:17","guid":{"rendered":"https:\/\/www.areabesos.com\/diario\/?p=9411"},"modified":"2026-01-28T13:41:19","modified_gmt":"2026-01-28T12:41:19","slug":"la-planta-de-valoritzacio-energetica-de-tersa-rep-mes-de-140-professionals-internacionals-el-2025-consolidant-se-com-una-instal%c2%b7lacio-referent-del-sector","status":"publish","type":"post","link":"https:\/\/www.areabesos.com\/diario\/la-planta-de-valoritzacio-energetica-de-tersa-rep-mes-de-140-professionals-internacionals-el-2025-consolidant-se-com-una-instal%c2%b7lacio-referent-del-sector\/","title":{"rendered":"La Planta de Valoritzaci\u00f3 Energ\u00e8tica de TERSA rep m\u00e9s de 140 professionals internacionals el 2025, consolidant-se com una instal\u00b7laci\u00f3 referent del sector"},"content":{"rendered":"\n<p><strong>TERSA<\/strong>, l\u2019empresa especialitzada en la gesti\u00f3 de serveis ambientals relacionats amb l\u2019economia circular, participada majorit\u00e0riament per l\u2019Ajuntament de Barcelona i l\u2019\u00c0rea Metropolitana de Barcelona, ha tancat el 2025 amb la visita de <strong>m\u00e9s de 140 professionals<\/strong> d\u2019empreses, organitzacions i administracions tant del sector p\u00fablic com privat, agrupats en <strong>14 delegacions internacionals<\/strong>. Aquestes visites tenien com a objectiu principal con\u00e8ixer de primera m\u00e0 el funcionament i el model de gesti\u00f3 de la <a><strong>Planta de Valoritzaci\u00f3 Energ\u00e8tica de Sant Adri\u00e0 de Bes\u00f2s<\/strong><\/a> (PVE), una instal\u00b7laci\u00f3 que es consolida com a referent en la gesti\u00f3 de residus i innovaci\u00f3 tecnol\u00f2gica tant a nivell nacional com internacional.<\/p>\n\n\n\n<p>Les innovacions tecnol\u00f2giques i el model de gesti\u00f3 aplicats a la planta de Sant Adri\u00e0 han situat la instal\u00b7laci\u00f3 com un referent per a professionals del sector, en evidenciar que la gesti\u00f3 dels residus municipals pot esdevenir una soluci\u00f3 eficient dins del marc de l\u2019economia circular i la generaci\u00f3 d\u2019energia. Aix\u00ed, al llarg del 2025, professionals procedents dels <strong>Estats Units, Canad\u00e0, Pol\u00f2nia, Corea o Finl\u00e0ndia<\/strong>, entre d\u2019altres pa\u00efsos, han visitat la PVE de TERSA. Entre els visitants, destaquen estudiants d\u2019Executive MBA (EMBA) de la Universitat de Calif\u00f2rnia (UCLA); representants del <em>National Cluster Association<\/em> de la Rep\u00fablica Txeca; experts de l\u2019empresa canadenca Tecam, especialitzada en tecnologia mediambiental; directius de Salpakierto, operador p\u00fablic finland\u00e8s especialitzat en la gesti\u00f3 integral de residus municipals; aix\u00ed com funcionaris d\u2019Uzbekistan, Corea, Eslov\u00e8nia i l\u2019Argentina.<\/p>\n\n\n\n<p>A trav\u00e9s de la valoritzaci\u00f3 energ\u00e8tica, una de les principals \u00e0rees d\u2019actuaci\u00f3 del Grup TERSA, es redueix considerablement el volum de residus i s\u2019aprofita el seu potencial energ\u00e8tic, minimitzant l\u2019impacte ambiental. El 2024, la planta de Sant Adri\u00e0 de Bes\u00f2s <strong>va valoritzar un total de 319.374 tones de residus<\/strong>, destinant la major part de l\u2019energia produ\u00efda a la venda a la xarxa el\u00e8ctrica (84,14%) i el 15,86% restant a l\u2019autoconsum. A m\u00e9s, la planta \u00e9s la principal prove\u00efdora de vapor per a la <strong>xarxa urbana de fred i calor que abasteix el <a>districte 22@ de Barcelona<\/a><\/strong>, gestionada per Districlima. La producci\u00f3 de vapor de la planta, el 2024, va augmentar un 23%, superant les 154.000 tones subministrades, abastint aix\u00ed a una xarxa de m\u00e9s de 25km de distribuci\u00f3 que dona servei a m\u00e9s de 190 edificis. Aix\u00ed, s\u2019optimitza l\u2019\u00fas energ\u00e8tic, es redueixen significativament els residus i s\u2019evita l\u2019emissi\u00f3 de gaireb\u00e9 32.000 tones anuals de CO\u2082, l\u2019equivalent a retirar uns 46.000 vehicles de la circulaci\u00f3 cada dia, fet que contribueix de manera decisiva a la transici\u00f3 energ\u00e8tica de la ciutat.<\/p>\n\n\n\n<p>Per a <strong>Gemma Gargallo, Directora de Desenvolupament Corporatiu i Sostenibilitat del Grup TERSA<\/strong>, \u201cles visites a la Planta de Valoritzaci\u00f3 Energ\u00e8tica s\u00f3n una oportunitat \u00fanica per intercanviar experi\u00e8ncies, fomentar el <em>networking<\/em> i refor\u00e7ar la nostra aposta per la innovaci\u00f3 i la sostenibilitat, eixos clau que impulsen el Grup TERSA\u201d.&nbsp; A m\u00e9s, afegeix: \u201ccom a empresa p\u00fablica, assumim la responsabilitat d\u2019oferir serveis de qualitat, millorant constantment els nostres processos per garantir un futur sostenible i eficient, sempre avan\u00e7ant amb una visi\u00f3 estrat\u00e8gica que integra sostenibilitat, innovaci\u00f3 i servei p\u00fablic com a pilars de la nostra activitat\u201d, conclou Gemma Gargallo.<\/p>\n\n\n\n<p>En el marc del <strong>Pla d\u2019Aliances Estrat\u00e8giques de Grup TERSA<\/strong>, la Planta de Valoritzaci\u00f3 Energ\u00e8tica de Sant Adri\u00e0 de Bes\u00f2s tamb\u00e9 va rebre, al llarg del 2025, la visita de diverses <strong>associacions, cl\u00fasters i entitats de refer\u00e8ncia<\/strong> del territori, refor\u00e7ant el seu paper com a espai de trobada, intercanvi i coneixement. Entre aquestes visites destaquen la del <strong>Cl\u00faster de Residus de Catalunya<\/strong> i la del <strong>22@ Network Barcelona<\/strong>, aix\u00ed com la celebraci\u00f3 de l\u2019acte <em>\u201cSostenibilitat en les Empreses\u201d<\/em> impulsat per <strong>Innobaix<\/strong>, que va incloure una visita a la PVE. La planta tamb\u00e9 va donar la benvinguda a grups de <strong>ciutadans i ciutadanes signants del Comprom\u00eds Ciutad\u00e0 per una Barcelona + Sostenible<\/strong>, reafirmant el comprom\u00eds la instal\u00b7laci\u00f3 amb la col\u00b7laboraci\u00f3, la transpar\u00e8ncia i la sostenibilitat.<\/p>\n\n\n\n<p>En aquesta mateixa l\u00ednia d\u2019obertura i divulgaci\u00f3, les instal\u00b7lacions gestionades per l\u2019empresa p\u00fablica formen part del <strong>Programa Metropolit\u00e0 d\u2019Educaci\u00f3 per a la Sostenibilitat \u201cCompartim un futur\u201d,<\/strong> impulsat per l\u2019\u00c0rea Metropolitana de Barcelona (AMB). Durant el 2025, la <strong>Planta de Valoritzaci\u00f3 Energ\u00e8tica (PVE) de Sant Adri\u00e0 de Bes\u00f2s<\/strong> va rebre 618 visitants, mentre que el <strong>Centre de Tractament de Residus Municipals de Gav\u00e0-Viladecans<\/strong> va acollir 1.741 persones i les <strong>deixalleries metropolitanes<\/strong> van registrar 373 visites de caire educatiu.<\/p>\n\n\n\n<p>Aix\u00ed, Grup TERSA consolida la seva vocaci\u00f3 de servei p\u00fablic, el seu comprom\u00eds amb la ciutadania i l\u2019aposta constant per la innovaci\u00f3 tecnol\u00f2gica, mantenint la transpar\u00e8ncia com a valor essencial i orientant-se cap a un futur sostenible i al lideratge en els sectors en qu\u00e8 opera.<\/p>\n","protected":false},"excerpt":{"rendered":"<p>TERSA, l\u2019empresa especialitzada en la gesti\u00f3 de serveis ambientals relacionats amb l\u2019economia circular, participada majorit\u00e0riament per l\u2019Ajuntament de Barcelona i l\u2019\u00c0rea Metropolitana de Barcelona, ha tancat el 2025 amb la visita de m\u00e9s de 140 professionals d\u2019empreses, organitzacions i administracions tant del sector p\u00fablic com privat, agrupats en 14 delegacions internacionals. Aquestes visites tenien com [&hellip;]<\/p>\n","protected":false},"author":2,"featured_media":9412,"comment_status":"closed","ping_status":"open","sticky":false,"template":"","format":"standard","meta":{"footnotes":""},"categories":[134],"tags":[],"class_list":{"0":"post-9411","1":"post","2":"type-post","3":"status-publish","4":"format-standard","5":"has-post-thumbnail","7":"category-actualitat"},"_links":{"self":[{"href":"https:\/\/www.areabesos.com\/diario\/wp-json\/wp\/v2\/posts\/9411","targetHints":{"allow":["GET"]}}],"collection":[{"href":"https:\/\/www.areabesos.com\/diario\/wp-json\/wp\/v2\/posts"}],"about":[{"href":"https:\/\/www.areabesos.com\/diario\/wp-json\/wp\/v2\/types\/post"}],"author":[{"embeddable":true,"href":"https:\/\/www.areabesos.com\/diario\/wp-json\/wp\/v2\/users\/2"}],"replies":[{"embeddable":true,"href":"https:\/\/www.areabesos.com\/diario\/wp-json\/wp\/v2\/comments?post=9411"}],"version-history":[{"count":1,"href":"https:\/\/www.areabesos.com\/diario\/wp-json\/wp\/v2\/posts\/9411\/revisions"}],"predecessor-version":[{"id":9413,"href":"https:\/\/www.areabesos.com\/diario\/wp-json\/wp\/v2\/posts\/9411\/revisions\/9413"}],"wp:featuredmedia":[{"embeddable":true,"href":"https:\/\/www.areabesos.com\/diario\/wp-json\/wp\/v2\/media\/9412"}],"wp:attachment":[{"href":"https:\/\/www.areabesos.com\/diario\/wp-json\/wp\/v2\/media?parent=9411"}],"wp:term":[{"taxonomy":"category","embeddable":true,"href":"https:\/\/www.areabesos.com\/diario\/wp-json\/wp\/v2\/categories?post=9411"},{"taxonomy":"post_tag","embeddable":true,"href":"https:\/\/www.areabesos.com\/diario\/wp-json\/wp\/v2\/tags?post=9411"}],"curies":[{"name":"wp","href":"https:\/\/api.w.org\/{rel}","templated":true}]}}