{"id":9402,"date":"2026-01-26T10:48:33","date_gmt":"2026-01-26T09:48:33","guid":{"rendered":"https:\/\/www.areabesos.com\/diario\/?p=9402"},"modified":"2026-01-26T10:48:35","modified_gmt":"2026-01-26T09:48:35","slug":"el-fons-lluis-raluy-de-la-biblioteca-sant-adria-sincorpora-al-web-del-museu-de-matematiques-de-catalunya","status":"publish","type":"post","link":"https:\/\/www.areabesos.com\/diario\/el-fons-lluis-raluy-de-la-biblioteca-sant-adria-sincorpora-al-web-del-museu-de-matematiques-de-catalunya\/","title":{"rendered":"El Fons Llu\u00eds Raluy de la Biblioteca Sant Adri\u00e0 s\u2019incorpora al web del Museu de Matem\u00e0tiques de Catalunya"},"content":{"rendered":"\n<p>L\u2019apartat de llibres de matem\u00e0tiques divulgatives i recreatives del Fons Llu\u00eds Raluy de la Biblioteca Sant Adri\u00e0 s\u2019ha incorporat recentment al web del&nbsp;<strong><a href=\"https:\/\/mmaca.cat\/llibres-de-matematiques-recreatives\/\" target=\"_blank\" rel=\"noreferrer noopener\">Museu de Matem\u00e0tiques de Catalunya (MMACA)<\/a>.<\/strong><\/p>\n\n\n\n<p>Aquest fons, que recull una donaci\u00f3 d\u2019uns 150 volums de la biblioteca personal de Llu\u00eds Raluy i Tom\u00e0s \u2014<em>clown<\/em>, artista i matem\u00e0tic autodidacte nascut a Sant Adri\u00e0\u2014 ofereix un conjunt ampli i divers de llibres pensats per fer accessibles les matem\u00e0tiques a tothom.<\/p>\n\n\n\n<p>Qualsevol persona pot consultar la relaci\u00f3 completa de t\u00edtols al web del Museu de Matem\u00e0tiques de Catalunya, a l\u2019apartat \u201cLlibres de matem\u00e0tiques recreatives i divulgatives\u201d. Cada llibre t\u00e9 un enlla\u00e7 al servei de pr\u00e9stec interbibliotecari ATENA, el cat\u00e0leg col\u00b7lectiu de les biblioteques p\u00fabliques de Catalunya. Aix\u00f2 vol dir que des de qualsevol municipi la persona interessada pot localitzar un llibre, demanar-lo i que li arribi a la biblioteca que tingui m\u00e9s propera.<\/p>\n","protected":false},"excerpt":{"rendered":"<p>L\u2019apartat de llibres de matem\u00e0tiques divulgatives i recreatives del Fons Llu\u00eds Raluy de la Biblioteca Sant Adri\u00e0 s\u2019ha incorporat recentment al web del&nbsp;Museu de Matem\u00e0tiques de Catalunya (MMACA). Aquest fons, que recull una donaci\u00f3 d\u2019uns 150 volums de la biblioteca personal de Llu\u00eds Raluy i Tom\u00e0s \u2014clown, artista i matem\u00e0tic autodidacte nascut a Sant Adri\u00e0\u2014 [&hellip;]<\/p>\n","protected":false},"author":2,"featured_media":9403,"comment_status":"closed","ping_status":"open","sticky":false,"template":"","format":"standard","meta":{"footnotes":""},"categories":[136],"tags":[],"class_list":{"0":"post-9402","1":"post","2":"type-post","3":"status-publish","4":"format-standard","5":"has-post-thumbnail","7":"category-cultura"},"_links":{"self":[{"href":"https:\/\/www.areabesos.com\/diario\/wp-json\/wp\/v2\/posts\/9402","targetHints":{"allow":["GET"]}}],"collection":[{"href":"https:\/\/www.areabesos.com\/diario\/wp-json\/wp\/v2\/posts"}],"about":[{"href":"https:\/\/www.areabesos.com\/diario\/wp-json\/wp\/v2\/types\/post"}],"author":[{"embeddable":true,"href":"https:\/\/www.areabesos.com\/diario\/wp-json\/wp\/v2\/users\/2"}],"replies":[{"embeddable":true,"href":"https:\/\/www.areabesos.com\/diario\/wp-json\/wp\/v2\/comments?post=9402"}],"version-history":[{"count":1,"href":"https:\/\/www.areabesos.com\/diario\/wp-json\/wp\/v2\/posts\/9402\/revisions"}],"predecessor-version":[{"id":9404,"href":"https:\/\/www.areabesos.com\/diario\/wp-json\/wp\/v2\/posts\/9402\/revisions\/9404"}],"wp:featuredmedia":[{"embeddable":true,"href":"https:\/\/www.areabesos.com\/diario\/wp-json\/wp\/v2\/media\/9403"}],"wp:attachment":[{"href":"https:\/\/www.areabesos.com\/diario\/wp-json\/wp\/v2\/media?parent=9402"}],"wp:term":[{"taxonomy":"category","embeddable":true,"href":"https:\/\/www.areabesos.com\/diario\/wp-json\/wp\/v2\/categories?post=9402"},{"taxonomy":"post_tag","embeddable":true,"href":"https:\/\/www.areabesos.com\/diario\/wp-json\/wp\/v2\/tags?post=9402"}],"curies":[{"name":"wp","href":"https:\/\/api.w.org\/{rel}","templated":true}]}}