{"id":9398,"date":"2026-01-25T12:33:34","date_gmt":"2026-01-25T11:33:34","guid":{"rendered":"https:\/\/www.areabesos.com\/diario\/?p=9398"},"modified":"2026-01-26T11:07:03","modified_gmt":"2026-01-26T10:07:03","slug":"presentacio-dun-nou-llibre-dhistoria-local-de-sant-adria-de-besos","status":"publish","type":"post","link":"https:\/\/www.areabesos.com\/diario\/presentacio-dun-nou-llibre-dhistoria-local-de-sant-adria-de-besos\/","title":{"rendered":"Presentaci\u00f3 d&#8217;un nou llibre d&#8217;hist\u00f2ria local de Sant Adri\u00e0 de Bes\u00f2s"},"content":{"rendered":"\n<p>L&#8217;evoluci\u00f3 de l&#8217;habitatge i l&#8217;urbanisme a Sant Adri\u00e0 de Bes\u00f2s durant el franquisme ha estat objecte d&#8217;una exhaustiva recerca, de la m\u00e0 dels investigadors Manel Gu\u00e0rdia i Jos\u00e9 Luis Oy\u00f3n, que han consultat nombrosos expedients d&#8217;obres, padrons de poblaci\u00f3 i censos d&#8217;edificis, entre altra documentaci\u00f3 de l&#8217;Arxiu Municipal de Sant Adri\u00e0 de Bes\u00f2s \u00abIsabel Rojas Castroverde.\u00bb<\/p>\n\n\n\n<p>La seva feina ha quedat recollida en un volum, titulat \u00abLa (r)revoluci\u00f3 de les condicions de l&#8217;habitatge obrer durant el franquisme i publicat amb el suport de la Diputaci\u00f3 de Barcelona, que explica l&#8217;evoluci\u00f3 del parc residencial del municipi des de la par\u00e0lisi de la postguerra fins al creixement i l&#8217;especulaci\u00f3 als anys seixanta i setanta. Aquest llibre \u00e9s un estudi detallat sobre les transformacions en mat\u00e8ria d&#8217;habitatge i la seva relaci\u00f3 amb els canvis socials de cada moment. <\/p>\n\n\n\n<p>El llibre es presentar\u00e0 el proper dimarts, 27 de gener de 2026 a les 18.30h a l&#8217;Arxiu Municipal de Sant Adri\u00e0 de Bes\u00f2s. L&#8217;entrada \u00e9s lliure.<\/p>\n","protected":false},"excerpt":{"rendered":"<p>L&#8217;evoluci\u00f3 de l&#8217;habitatge i l&#8217;urbanisme a Sant Adri\u00e0 de Bes\u00f2s durant el franquisme ha estat objecte d&#8217;una exhaustiva recerca, de la m\u00e0 dels investigadors Manel Gu\u00e0rdia i Jos\u00e9 Luis Oy\u00f3n, que han consultat nombrosos expedients d&#8217;obres, padrons de poblaci\u00f3 i censos d&#8217;edificis, entre altra documentaci\u00f3 de l&#8217;Arxiu Municipal de Sant Adri\u00e0 de Bes\u00f2s \u00abIsabel Rojas [&hellip;]<\/p>\n","protected":false},"author":2,"featured_media":9399,"comment_status":"closed","ping_status":"open","sticky":false,"template":"","format":"standard","meta":{"footnotes":""},"categories":[136],"tags":[],"class_list":{"0":"post-9398","1":"post","2":"type-post","3":"status-publish","4":"format-standard","5":"has-post-thumbnail","7":"category-cultura"},"_links":{"self":[{"href":"https:\/\/www.areabesos.com\/diario\/wp-json\/wp\/v2\/posts\/9398","targetHints":{"allow":["GET"]}}],"collection":[{"href":"https:\/\/www.areabesos.com\/diario\/wp-json\/wp\/v2\/posts"}],"about":[{"href":"https:\/\/www.areabesos.com\/diario\/wp-json\/wp\/v2\/types\/post"}],"author":[{"embeddable":true,"href":"https:\/\/www.areabesos.com\/diario\/wp-json\/wp\/v2\/users\/2"}],"replies":[{"embeddable":true,"href":"https:\/\/www.areabesos.com\/diario\/wp-json\/wp\/v2\/comments?post=9398"}],"version-history":[{"count":1,"href":"https:\/\/www.areabesos.com\/diario\/wp-json\/wp\/v2\/posts\/9398\/revisions"}],"predecessor-version":[{"id":9400,"href":"https:\/\/www.areabesos.com\/diario\/wp-json\/wp\/v2\/posts\/9398\/revisions\/9400"}],"wp:featuredmedia":[{"embeddable":true,"href":"https:\/\/www.areabesos.com\/diario\/wp-json\/wp\/v2\/media\/9399"}],"wp:attachment":[{"href":"https:\/\/www.areabesos.com\/diario\/wp-json\/wp\/v2\/media?parent=9398"}],"wp:term":[{"taxonomy":"category","embeddable":true,"href":"https:\/\/www.areabesos.com\/diario\/wp-json\/wp\/v2\/categories?post=9398"},{"taxonomy":"post_tag","embeddable":true,"href":"https:\/\/www.areabesos.com\/diario\/wp-json\/wp\/v2\/tags?post=9398"}],"curies":[{"name":"wp","href":"https:\/\/api.w.org\/{rel}","templated":true}]}}