{"id":9392,"date":"2026-01-16T12:27:04","date_gmt":"2026-01-16T11:27:04","guid":{"rendered":"https:\/\/www.areabesos.com\/diario\/?p=9392"},"modified":"2026-01-16T12:27:06","modified_gmt":"2026-01-16T11:27:06","slug":"els-mossos-desquadra-detenen-dos-homes-a-sant-adria-de-besos-que-portaven-una-gran-quantitat-de-peces-de-roba-sostretes-duna-botiga-de-barcelona","status":"publish","type":"post","link":"https:\/\/www.areabesos.com\/diario\/els-mossos-desquadra-detenen-dos-homes-a-sant-adria-de-besos-que-portaven-una-gran-quantitat-de-peces-de-roba-sostretes-duna-botiga-de-barcelona\/","title":{"rendered":"Els Mossos d&#8217;Esquadra detenen dos homes a Sant Adri\u00e0 de Bes\u00f2s que portaven una gran quantitat de peces de roba sostretes d&#8217;una botiga de Barcelona"},"content":{"rendered":"\n<p>Agents de la Policia de la Generalitat \u2013 Mossos d\u2019Esquadra de l\u2019\u00c0rea Regional de Recursos Operatius de la Regi\u00f3 Metropolitana Nord van detenir, el 12 de gener, dos homes de 35 i 36 anys com a presumptes autors d\u2019un delicte de receptaci\u00f3 i altres conductes afins.<\/p>\n\n\n\n<p>Els fets es remunten a la matinada del 12 de gener quan una dotaci\u00f3 de l\u2019ARRO es trobava fent prevenci\u00f3 de delictes contra el patrimoni a Sant Adri\u00e0 de Bes\u00f2s. A l\u2019altura del carrer Goya van veure una furgoneta que estava estacionant a la via p\u00fablica i que no permetia que la resta de conductors poguessin circular amb normalitat.<\/p>\n\n\n\n<p>En detectar la pres\u00e8ncia del Mossos la furgoneta va intentar marxar, per\u00f2 la van poder aturar al carrer Argentina. En escorcollar l\u2019interior del vehicle, els agents van trobar-hi vuit caixes i onze bosses d\u2019escombraries amb m\u00e9s de 1.200 peces de roba, la majoria de les quals tenien les etiquetes posades.<\/p>\n\n\n\n<p>Les indagacions que van fer els policies els van permetre esbrinar que aquesta roba havia estat sostreta la nit del 5 de gener d\u2019una botiga del districte de l\u2019Eixample de Barcelona.<\/p>\n\n\n\n<p>Per aquests motius, els dos homes que anaven a la furgoneta van quedar detinguts com a presumptes autors d\u2019un delicte de receptaci\u00f3 i altres conductes afins.<\/p>\n\n\n\n<p>L\u2019endem\u00e0 van passar a disposici\u00f3 judicial al jutjat d\u2019instrucci\u00f3 en funcions de gu\u00e0rdia de Badalona.<\/p>\n","protected":false},"excerpt":{"rendered":"<p>Agents de la Policia de la Generalitat \u2013 Mossos d\u2019Esquadra de l\u2019\u00c0rea Regional de Recursos Operatius de la Regi\u00f3 Metropolitana Nord van detenir, el 12 de gener, dos homes de 35 i 36 anys com a presumptes autors d\u2019un delicte de receptaci\u00f3 i altres conductes afins. Els fets es remunten a la matinada del 12 [&hellip;]<\/p>\n","protected":false},"author":2,"featured_media":9393,"comment_status":"closed","ping_status":"open","sticky":false,"template":"","format":"standard","meta":{"footnotes":""},"categories":[134],"tags":[],"class_list":{"0":"post-9392","1":"post","2":"type-post","3":"status-publish","4":"format-standard","5":"has-post-thumbnail","7":"category-actualitat"},"_links":{"self":[{"href":"https:\/\/www.areabesos.com\/diario\/wp-json\/wp\/v2\/posts\/9392","targetHints":{"allow":["GET"]}}],"collection":[{"href":"https:\/\/www.areabesos.com\/diario\/wp-json\/wp\/v2\/posts"}],"about":[{"href":"https:\/\/www.areabesos.com\/diario\/wp-json\/wp\/v2\/types\/post"}],"author":[{"embeddable":true,"href":"https:\/\/www.areabesos.com\/diario\/wp-json\/wp\/v2\/users\/2"}],"replies":[{"embeddable":true,"href":"https:\/\/www.areabesos.com\/diario\/wp-json\/wp\/v2\/comments?post=9392"}],"version-history":[{"count":1,"href":"https:\/\/www.areabesos.com\/diario\/wp-json\/wp\/v2\/posts\/9392\/revisions"}],"predecessor-version":[{"id":9394,"href":"https:\/\/www.areabesos.com\/diario\/wp-json\/wp\/v2\/posts\/9392\/revisions\/9394"}],"wp:featuredmedia":[{"embeddable":true,"href":"https:\/\/www.areabesos.com\/diario\/wp-json\/wp\/v2\/media\/9393"}],"wp:attachment":[{"href":"https:\/\/www.areabesos.com\/diario\/wp-json\/wp\/v2\/media?parent=9392"}],"wp:term":[{"taxonomy":"category","embeddable":true,"href":"https:\/\/www.areabesos.com\/diario\/wp-json\/wp\/v2\/categories?post=9392"},{"taxonomy":"post_tag","embeddable":true,"href":"https:\/\/www.areabesos.com\/diario\/wp-json\/wp\/v2\/tags?post=9392"}],"curies":[{"name":"wp","href":"https:\/\/api.w.org\/{rel}","templated":true}]}}