{"id":9389,"date":"2026-01-16T12:25:33","date_gmt":"2026-01-16T11:25:33","guid":{"rendered":"https:\/\/www.areabesos.com\/diario\/?p=9389"},"modified":"2026-01-16T12:25:35","modified_gmt":"2026-01-16T11:25:35","slug":"convocatoria-de-subvencio-pel-foment-de-lautoocupacio-a-sant-adria","status":"publish","type":"post","link":"https:\/\/www.areabesos.com\/diario\/convocatoria-de-subvencio-pel-foment-de-lautoocupacio-a-sant-adria\/","title":{"rendered":"Convocat\u00f2ria de subvenci\u00f3 pel foment de l&#8217;autoocupaci\u00f3 a Sant Adri\u00e0"},"content":{"rendered":"\n<p class=\" \">A finals del darrer any 2025 la Junta de Govern Local de l<strong>&#8216;Ajuntament de Sant Adri\u00e0 de Bes\u00f2s<\/strong>&nbsp;ha aprovat una nova convocat\u00f2ria de subvenci\u00f3 per a fomentar l\u2019autoocupaci\u00f3, a trav\u00e9s de la qual es posa en marxa una l\u00ednia de subvenci\u00f3 econ\u00f2mica directa dirigida&nbsp;<strong>a persones treballadores aut\u00f2nomes<\/strong>&nbsp;que hagin iniciat una activitat econ\u00f2mica amb alta censal i alta al RETA o mutualitat alternativa,&nbsp;<strong>datada entre l\u20191 de gener de l\u2019any 2023 i l&#8217;1 de juliol de 2026.<\/strong><\/p>\n\n\n\n<p>Aquesta subvenci\u00f3 s&#8217;adre\u00e7a a persones treballadores aut\u00f2nomes, tant empadronades a Sant Adri\u00e0 de Bes\u00f2s que hagin iniciat una activitat econ\u00f2mica al municipi o b\u00e9 a qualsevol municipi de l&#8217;estat espanyol, com a persones que tot i no estar empadronades al municipi tinguin una activitat empresarial o professional o b\u00e9 un domicili social a Sant Adri\u00e0. La convocat\u00f2ria d&#8217;ajuts t\u00e9 com a objectiu fomentar l\u2019activitat econ\u00f2mica, l\u2019emprenedoria i la creaci\u00f3 d\u2019ocupaci\u00f3 al municipi, aix\u00ed com consolidar empreses per tal d\u2019augmentar-ne la seva superviv\u00e8ncia, tot donant continu\u00eftat a les pol\u00edtiques de suport a les persones desocupades i a la iniciativa empresarial al territori.<\/p>\n\n\n\n<p><br><strong>Objectiu de la subvenci\u00f3<\/strong><\/p>\n\n\n\n<p>L&#8217;objectiu principal del projecte \u00e9s fomentar la creaci\u00f3 d&#8217;un lloc de treball per compte propi i la consolidaci\u00f3 d&#8217;activitats econ\u00f2miques mitjan\u00e7ant ajuts econ\u00f2mics.<\/p>\n\n\n\n<p><strong>Import de la subvenci\u00f3<\/strong><\/p>\n\n\n\n<p>Fins a 6000\u20ac per persona o ens beneficiari en funci\u00f3 de la inversi\u00f3 inicial i les despeses relacionades amb l&#8217;inici de l&#8217;activitat econ\u00f2mica.<\/p>\n\n\n\n<p><strong>Normativa<\/strong><\/p>\n\n\n\n<p><a href=\"https:\/\/www.sant-adria.cat\/sant-adria-per-temes\/promocio-economica\/documents\/desenvolupament-economic\/2026\/subvencions-amb\/bases-reguladores-de-concessio-de-subvencions-a-les-persones-emprenedores-i-empreses\">Ordenan\u00e7a reguladora de les subvencions a empreses i emprenedors<\/a><\/p>\n\n\n\n<p><a href=\"https:\/\/www.sant-adria.cat\/sant-adria-per-temes\/promocio-economica\/documents\/desenvolupament-economic\/2026\/subvencions-amb\/autoocupacio\/convocatoria-per-a-la-concessio-de-subvencions-per-a-l2019autoocupacio-i-la-creacio-de-microempreses-pimes-i-iniciatives-d2019economia-social\/at_download\/file\" target=\"_blank\" rel=\"noreferrer noopener\">Convocat\u00f2ria de subvenci\u00f3 a l&#8217;autoocupaci\u00f3<\/a><\/p>\n\n\n\n<p><strong>Termini<\/strong><\/p>\n\n\n\n<p>El termini de presentaci\u00f3 de sol\u00b7licituds ja est\u00e0 en vigori&nbsp;<strong>finalitzar\u00e0 31 de juliol de 2026.<\/strong><\/p>\n\n\n\n<p><strong>Qui pot sol\u00b7licitar aquest ajut<\/strong><\/p>\n\n\n\n<p>Persones emprenedores i treballadores aut\u00f2nomes que:<\/p>\n\n\n\n<ul class=\"wp-block-list\">\n<li>Estiguin empadronades a Sant Adri\u00e0 de Bes\u00f2s (m\u00ednim 6 mesos) o tinguin el negoci al municipi.<\/li>\n\n\n\n<li>Estiguin donades d&#8217;alta al Reta o mutualitat durant el per\u00edode subvencionable i en el moment de presentar la sol\u00b7licitud de subvenci\u00f3.<\/li>\n\n\n\n<li>Caldr\u00e0 copsar les bases de la subvenci\u00f3 (que es troben al web municipal) per veure tots els requisits i obligacions espec\u00edfiques de les persones sol\u00b7licitants, les despeses subvencionables i la relaci\u00f3 de documents a adjuntar.\u00a0<\/li>\n<\/ul>\n\n\n\n<p><strong>Realitzaci\u00f3 del tr\u00e0mit de sol\u00b7licitud<\/strong><\/p>\n\n\n\n<p>La tramitaci\u00f3 es realitzar\u00e0 de forma telem\u00e0tica, a trav\u00e9s de la&nbsp;<a href=\"https:\/\/seu.sant-adria.net\/sta\/CarpetaPublic\/doEvent?APP_CODE=STA&amp;PAGE_CODE=CATALOGO&amp;DETALLE=6269000004639933999500\">seu electr\u00f2nica<\/a>.<\/p>\n\n\n\n<p>Per tal de facilitar la resoluci\u00f3 de dubtes, el proper&nbsp;<strong>21 de gener de 2026 a les 13 hores<\/strong>, tindr\u00e0 lloc una sessi\u00f3 informativa telem\u00e0tica adre\u00e7ada a totes les persones interessades en la subvenci\u00f3, on se n\u2019explicar\u00e0 el funcionament i els aspectes m\u00e9s importants a tenir en compte a l\u2019hora de sol\u00b7licitar i justificar la subvenci\u00f3. Podeu fer la&nbsp;<a href=\"https:\/\/www.sant-adria.cat\/sant-adria-per-temes\/promocio-economica\/formularis-dinscripcio\/Sessioinformativa_Ajuts_autonoms_pimes_21Gener2026_13hores\" target=\"_blank\" rel=\"noreferrer noopener\">inscripci\u00f3 a la sessi\u00f3 informativa AQU\u00cd<\/a>. En aquesta sessi\u00f3 podreu plantejar totes les preguntes que tingueu al respecte. El mateix dia, una estona abans, farem arribar l\u2019enlla\u00e7 per a connectar-s\u2019hi.<\/p>\n\n\n\n<p>Per a obtenir m\u00e9s informaci\u00f3 sobre el programa i el seu funcionament, us heu d\u2019adre\u00e7ar al Servei de Suport Empresarial, al tel\u00e8fon 934 620 625 amb l&#8217;extensi\u00f3 9234, de 8 a 15 h, o b\u00e9 a l&#8217;adre\u00e7a electr\u00f2nica:&nbsp;<a href=\"mailto:apeix@sant-adria.net\">apeix@sant-adria.net<\/a>&nbsp;o&nbsp;<a href=\"mailto:empren@sant-adria.net\">empren@sant-adria.net<\/a>.<\/p>\n","protected":false},"excerpt":{"rendered":"<p>A finals del darrer any 2025 la Junta de Govern Local de l&#8216;Ajuntament de Sant Adri\u00e0 de Bes\u00f2s&nbsp;ha aprovat una nova convocat\u00f2ria de subvenci\u00f3 per a fomentar l\u2019autoocupaci\u00f3, a trav\u00e9s de la qual es posa en marxa una l\u00ednia de subvenci\u00f3 econ\u00f2mica directa dirigida&nbsp;a persones treballadores aut\u00f2nomes&nbsp;que hagin iniciat una activitat econ\u00f2mica amb alta censal [&hellip;]<\/p>\n","protected":false},"author":2,"featured_media":9390,"comment_status":"closed","ping_status":"open","sticky":false,"template":"","format":"standard","meta":{"footnotes":""},"categories":[134],"tags":[],"class_list":{"0":"post-9389","1":"post","2":"type-post","3":"status-publish","4":"format-standard","5":"has-post-thumbnail","7":"category-actualitat"},"_links":{"self":[{"href":"https:\/\/www.areabesos.com\/diario\/wp-json\/wp\/v2\/posts\/9389","targetHints":{"allow":["GET"]}}],"collection":[{"href":"https:\/\/www.areabesos.com\/diario\/wp-json\/wp\/v2\/posts"}],"about":[{"href":"https:\/\/www.areabesos.com\/diario\/wp-json\/wp\/v2\/types\/post"}],"author":[{"embeddable":true,"href":"https:\/\/www.areabesos.com\/diario\/wp-json\/wp\/v2\/users\/2"}],"replies":[{"embeddable":true,"href":"https:\/\/www.areabesos.com\/diario\/wp-json\/wp\/v2\/comments?post=9389"}],"version-history":[{"count":1,"href":"https:\/\/www.areabesos.com\/diario\/wp-json\/wp\/v2\/posts\/9389\/revisions"}],"predecessor-version":[{"id":9391,"href":"https:\/\/www.areabesos.com\/diario\/wp-json\/wp\/v2\/posts\/9389\/revisions\/9391"}],"wp:featuredmedia":[{"embeddable":true,"href":"https:\/\/www.areabesos.com\/diario\/wp-json\/wp\/v2\/media\/9390"}],"wp:attachment":[{"href":"https:\/\/www.areabesos.com\/diario\/wp-json\/wp\/v2\/media?parent=9389"}],"wp:term":[{"taxonomy":"category","embeddable":true,"href":"https:\/\/www.areabesos.com\/diario\/wp-json\/wp\/v2\/categories?post=9389"},{"taxonomy":"post_tag","embeddable":true,"href":"https:\/\/www.areabesos.com\/diario\/wp-json\/wp\/v2\/tags?post=9389"}],"curies":[{"name":"wp","href":"https:\/\/api.w.org\/{rel}","templated":true}]}}