{"id":9386,"date":"2026-01-14T12:14:18","date_gmt":"2026-01-14T11:14:18","guid":{"rendered":"https:\/\/www.areabesos.com\/diario\/?p=9386"},"modified":"2026-01-16T12:17:37","modified_gmt":"2026-01-16T11:17:37","slug":"en-usa-manda-un-amigo-de-epstein-pero-perderan-votos-aqui-los-amigos-de-julio-iglesias","status":"publish","type":"post","link":"https:\/\/www.areabesos.com\/diario\/en-usa-manda-un-amigo-de-epstein-pero-perderan-votos-aqui-los-amigos-de-julio-iglesias\/","title":{"rendered":"En USA manda un amigo de Epstein, pero, \u00bfperder\u00e1n votos aqu\u00ed los amigos de Julio Iglesias?"},"content":{"rendered":"\n<p>Y que conste que no estoy jugando con la casi coincidencia entre el apellido del m\u00e1s famoso de los presuntos del momento y el nombre de la Iglesia Cat\u00f3lica, esa instituci\u00f3n a la que tantas d\u00e9cadas le ha costado reconocer que tiene que confesar la criminal pederastia practicada por muchos de sus blindados con sotana y comenzar a pagar una penitencia que, si fuera justa, deber\u00eda costarle un precio equivalente al valor de todas las inmatriculaciones que en 1998 le regal\u00f3 Aznar, el mismo candidato que tantos votos hab\u00eda conseguido en las elecciones generales de s\u00f3lo dos a\u00f1os antes gracias al apoyo en los m\u00edtines de Julio Iglesias, tan galardonado que nadie se atreve a quitarle unos t\u00edtulos que quiz\u00e1s no merece.<\/p>\n\n\n\n<p>Con lo f\u00e1cil que ser\u00eda retirar provisionalmente las alabanzas ante la m\u00e1s que evidente presunci\u00f3n de veracidad de las denuncias presentadas por unas valientes que se arriesgan mucho, y volverlas a reponer al poderoso y cantante en caso de que se demuestre que don Julio es tan inocente como la inmensa mayor\u00eda de los curas, que jam\u00e1s presionaron a ning\u00fan menor, ni siquiera con la sola intenci\u00f3n de conseguir alguna moneda para poder a\u00f1adirla al presupuesto de las misas con hostias incluidas.<\/p>\n\n\n\n<p>Pero esto de hoy no va de abusos y violaciones, que ya est\u00e1n entrando en suficiente detalle las televisiones, sino de urnas y democracia, que s\u00ed que est\u00e1n en peligro y que, sin ambas, los m\u00e1s crueles volver\u00edan a su para\u00edso pol\u00edtico.<\/p>\n\n\n\n<p>Por tanto, que levante la mano, si se atreve, quien sostenga que la escu\u00e1lida diferencia del 1,16% de votos que Aznar consigui\u00f3 en 1996 sobre Gonz\u00e1lez no tuvo nada que ver con la muy relevante participaci\u00f3n en aquella campa\u00f1a electoral del hoy presunto abusador sexual Julio Jos\u00e9 Iglesias de la Cueva a favor del candidato de un PP que ahora preside Feijoo, quien, dicho sea de paso, sigue siendo incapaz de expulsar de ese partido pol\u00edtico y por incompetente a un tal Maz\u00f3n, quiz\u00e1s porque sobre el 29 de octubre de 2024 el valenciano sabe del gallego m\u00e1s de lo que a este le conviene.<\/p>\n\n\n\n<p>Pero es que, adem\u00e1s, aquel m\u00ednimo 1,16% m\u00e1s de votos a favor del PP en las urnas de 1996 se convirti\u00f3, por culpa de todos los pol\u00edticos que desde la Transici\u00f3n fueron construyendo una normativa electoral injusta con la despreciable esperanza de que un d\u00eda privilegie sus candidaturas, en un decisivo 10,6% m\u00e1s de esca\u00f1os en el Congreso a favor tambi\u00e9n, por supuesto, del mismo PP. Es decir, m\u00e1s de nueve veces m\u00e1s de poder parlamentario que de voluntad popular depositada en las urnas por el electorado.<\/p>\n\n\n\n<p>Solo as\u00ed, y gracias tambi\u00e9n a esa combinaci\u00f3n entre, por una parte, un n\u00famero de votos desconocidos pero movidos a favor del PP por la preferencia de un cantante a quien hoy la verdad de lo que quiz\u00e1s fue su pasado podr\u00eda estar comenzando a colocarle en su incierto futuro y, por otra parte, una Ley Electoral que tergiversa cada vez, y siempre en mayor o menor medida, la voluntad popular, hemos llegado a una situaci\u00f3n en la que el regreso al autoritarismo se ha convertido en un verdadero peligro.<\/p>\n\n\n\n<p>\u00bfPuede este gobierno de coalici\u00f3n y con apoyos externos echar el resto, es decir, lo que sea necesario, por una reforma de la ley electoral para conseguir que la foto del Congreso se parezca m\u00e1s, aunque solo sea un poco m\u00e1s, a la de quienes acuden a votar en las urnas?<\/p>\n\n\n\n<p>Se trata de DEMOCRACIA. Por favor, corrijan de una vez la mayor maldad contenida en la Ley Electoral.<\/p>\n\n\n\n<p>Aunque solo sea para evitar que, quien podr\u00eda terminar siendo un presunto, durante el tiempo en el que era famoso no pueda confundir lo suficiente a la voluntad popular como para alterar el futuro de toda la sociedad. Incluso con solo unos pocos votos.<\/p>\n\n\n\n<p>Y, volviendo al t\u00edtulo por lo del amigo del tal Epstein, ahora recuerdo que gan\u00f3 la presidencia de USA en 2016 con 2.868.686 votos menos que Hillary Clinton. Es decir, un 4,5% menos de los votos depositados en las urnas.<\/p>\n\n\n\n<p>Tengo todo el derecho del mundo a pensar que Trump no se habr\u00eda vuelto a presentar si no hubiera conseguido la presidencia en 2016, pero esto no es m\u00e1s que una opini\u00f3n.<\/p>\n\n\n\n<p>Lo que nadie puede rebatir es lo extendida que est\u00e1 la falta de respeto a la voluntad popular por parte de las clases pol\u00edticas en todas partes.<\/p>\n\n\n\n<p>O arreglan esto lo primero, o nuestro futuro estar\u00e1 lleno de autoritarismos y dictaduras.<\/p>\n\n\n\n<p><strong>Domingo Sanz<\/strong><\/p>\n","protected":false},"excerpt":{"rendered":"<p>Y que conste que no estoy jugando con la casi coincidencia entre el apellido del m\u00e1s famoso de los presuntos del momento y el nombre de la Iglesia Cat\u00f3lica, esa instituci\u00f3n a la que tantas d\u00e9cadas le ha costado reconocer que tiene que confesar la criminal pederastia practicada por muchos de sus blindados con sotana [&hellip;]<\/p>\n","protected":false},"author":2,"featured_media":9387,"comment_status":"closed","ping_status":"open","sticky":false,"template":"","format":"standard","meta":{"footnotes":""},"categories":[139],"tags":[],"class_list":{"0":"post-9386","1":"post","2":"type-post","3":"status-publish","4":"format-standard","5":"has-post-thumbnail","7":"category-opinio"},"_links":{"self":[{"href":"https:\/\/www.areabesos.com\/diario\/wp-json\/wp\/v2\/posts\/9386","targetHints":{"allow":["GET"]}}],"collection":[{"href":"https:\/\/www.areabesos.com\/diario\/wp-json\/wp\/v2\/posts"}],"about":[{"href":"https:\/\/www.areabesos.com\/diario\/wp-json\/wp\/v2\/types\/post"}],"author":[{"embeddable":true,"href":"https:\/\/www.areabesos.com\/diario\/wp-json\/wp\/v2\/users\/2"}],"replies":[{"embeddable":true,"href":"https:\/\/www.areabesos.com\/diario\/wp-json\/wp\/v2\/comments?post=9386"}],"version-history":[{"count":1,"href":"https:\/\/www.areabesos.com\/diario\/wp-json\/wp\/v2\/posts\/9386\/revisions"}],"predecessor-version":[{"id":9388,"href":"https:\/\/www.areabesos.com\/diario\/wp-json\/wp\/v2\/posts\/9386\/revisions\/9388"}],"wp:featuredmedia":[{"embeddable":true,"href":"https:\/\/www.areabesos.com\/diario\/wp-json\/wp\/v2\/media\/9387"}],"wp:attachment":[{"href":"https:\/\/www.areabesos.com\/diario\/wp-json\/wp\/v2\/media?parent=9386"}],"wp:term":[{"taxonomy":"category","embeddable":true,"href":"https:\/\/www.areabesos.com\/diario\/wp-json\/wp\/v2\/categories?post=9386"},{"taxonomy":"post_tag","embeddable":true,"href":"https:\/\/www.areabesos.com\/diario\/wp-json\/wp\/v2\/tags?post=9386"}],"curies":[{"name":"wp","href":"https:\/\/api.w.org\/{rel}","templated":true}]}}