{"id":9331,"date":"2025-12-14T13:56:19","date_gmt":"2025-12-14T12:56:19","guid":{"rendered":"https:\/\/www.areabesos.com\/diario\/?p=9331"},"modified":"2025-12-15T13:57:58","modified_gmt":"2025-12-15T12:57:58","slug":"mes-de-4-600-persones-omplen-el-parc-del-forum-en-la-9a-cursa-en-marxa-contra-el-cancer-deichmann-kmxtothom","status":"publish","type":"post","link":"https:\/\/www.areabesos.com\/diario\/mes-de-4-600-persones-omplen-el-parc-del-forum-en-la-9a-cursa-en-marxa-contra-el-cancer-deichmann-kmxtothom\/","title":{"rendered":"M\u00e9s de 4.600 persones omplen el Parc del F\u00f2rum en la 9a Cursa En Marxa Contra el C\u00e0ncer Deichmann \u2013 KmxTothom"},"content":{"rendered":"\n<p>Aquest mat\u00ed, el Parc del F\u00f2rum ha acollit una nova i emotiva edici\u00f3 de la Cursa En Marxa Contra el C\u00e0ncer Deichmann \u2013 KmxTothom, organitzada per l\u2019Associaci\u00f3 Contra el C\u00e0ncer a Barcelona, enguany la novena. M\u00e9s de 4.600 participants han convertit la jornada en una demostraci\u00f3 col\u00b7lectiva de solidaritat, for\u00e7a i comprom\u00eds amb totes les persones que conviuen amb un diagn\u00f2stic de c\u00e0ncer.<\/p>\n\n\n\n<p>Sota el lema \u201cI tu, x qui corres?\u201d, milers de dorsals personalitzats han simbolitzat hist\u00f2ries, records i homenatges individuals que han fet de la cursa un moment profundament personal per a molts dels assistents. L\u2019esdeveniment ha ofert diferents modalitats \u201410 km, 5 km, 2,5 km i curses infantils\u2014 acompanyades d\u2019activitats familiars, tallers, m\u00fasica en directe, zona de patrocinadors i el ja tradicional mural participatiu \u201cI tu, per qui corres?\u201d, que ha emocionat grans i petits.<\/p>\n\n\n\n<figure class=\"wp-block-gallery has-nested-images columns-default is-cropped td-modal-on-gallery wp-block-gallery-1 is-layout-flex wp-block-gallery-is-layout-flex\">\n<figure class=\"wp-block-image size-large\"><img loading=\"lazy\" decoding=\"async\" width=\"1200\" height=\"800\" data-id=\"9332\" src=\"https:\/\/www.areabesos.com\/diario\/wp-content\/uploads\/2025\/12\/EN-MARXA-CONTRA-EL-CANCER-22.jpg\" alt=\"\" class=\"wp-image-9332\"\/><\/figure>\n\n\n\n<figure class=\"wp-block-image size-large\"><img loading=\"lazy\" decoding=\"async\" width=\"1200\" height=\"800\" data-id=\"9334\" src=\"https:\/\/www.areabesos.com\/diario\/wp-content\/uploads\/2025\/12\/EN-MARXA-CONTRA-EL-CANCER-12.jpg\" alt=\"\" class=\"wp-image-9334\"\/><\/figure>\n\n\n\n<figure class=\"wp-block-image size-large\"><img loading=\"lazy\" decoding=\"async\" width=\"1200\" height=\"800\" data-id=\"9337\" src=\"https:\/\/www.areabesos.com\/diario\/wp-content\/uploads\/2025\/12\/EN-MARXA-CONTRA-EL-CANCER-1.jpg\" alt=\"\" class=\"wp-image-9337\"\/><\/figure>\n\n\n\n<figure class=\"wp-block-image size-large\"><img loading=\"lazy\" decoding=\"async\" width=\"1200\" height=\"800\" data-id=\"9335\" src=\"https:\/\/www.areabesos.com\/diario\/wp-content\/uploads\/2025\/12\/EN-MARXA-CONTRA-EL-CANCER-11.jpg\" alt=\"\" class=\"wp-image-9335\"\/><\/figure>\n\n\n\n<figure class=\"wp-block-image size-large\"><img loading=\"lazy\" decoding=\"async\" width=\"1200\" height=\"800\" data-id=\"9333\" src=\"https:\/\/www.areabesos.com\/diario\/wp-content\/uploads\/2025\/12\/EN-MARXA-CONTRA-EL-CANCER-15.jpg\" alt=\"\" class=\"wp-image-9333\"\/><\/figure>\n<\/figure>\n\n\n\n<p>La cursa ha comptat amb la pres\u00e8ncia de diverses personalitats que han volgut acompanyar els corredors, entre elles Abel Garcia, Secretari General del Departament d\u2019Esports de la Generalitat de Catalunya, i C\u00e9sar Tovar, Responsable Territorial de l\u2019Esport a Barcelona, aix\u00ed com altres cares conegudes del m\u00f3n esportiu, pol\u00edtic i social.<\/p>\n\n\n\n<p>La iniciativa t\u00e9 com a objectiu recaptar fons per a la recerca oncol\u00f2gica i per a projectes d\u2019assist\u00e8ncia i prevenci\u00f3 impulsats per l\u2019Associaci\u00f3 Contra el C\u00e0ncer. Aquest 2025, el 100% de la inscripci\u00f3 es destina a la recerca, i 5 \u20ac de cada dorsal es donen a La Marat\u00f3 de 3CAT, dedicada enguany al c\u00e0ncer.<\/p>\n\n\n\n<p>L\u2019Associaci\u00f3 Contra el C\u00e0ncer est\u00e0 orgullosa amb aquesta cursa del seu comprom\u00eds de continuar treballant per prevenir el c\u00e0ncer, acompanyar pacients i fam\u00edlies i impulsar la investigaci\u00f3, convertint cada passa donada avui en un futur millor per a tothom.<\/p>\n","protected":false},"excerpt":{"rendered":"<p>Aquest mat\u00ed, el Parc del F\u00f2rum ha acollit una nova i emotiva edici\u00f3 de la Cursa En Marxa Contra el C\u00e0ncer Deichmann \u2013 KmxTothom, organitzada per l\u2019Associaci\u00f3 Contra el C\u00e0ncer a Barcelona, enguany la novena. M\u00e9s de 4.600 participants han convertit la jornada en una demostraci\u00f3 col\u00b7lectiva de solidaritat, for\u00e7a i comprom\u00eds amb totes les [&hellip;]<\/p>\n","protected":false},"author":2,"featured_media":9336,"comment_status":"closed","ping_status":"open","sticky":false,"template":"","format":"standard","meta":{"footnotes":""},"categories":[137],"tags":[],"class_list":{"0":"post-9331","1":"post","2":"type-post","3":"status-publish","4":"format-standard","5":"has-post-thumbnail","7":"category-esports"},"_links":{"self":[{"href":"https:\/\/www.areabesos.com\/diario\/wp-json\/wp\/v2\/posts\/9331","targetHints":{"allow":["GET"]}}],"collection":[{"href":"https:\/\/www.areabesos.com\/diario\/wp-json\/wp\/v2\/posts"}],"about":[{"href":"https:\/\/www.areabesos.com\/diario\/wp-json\/wp\/v2\/types\/post"}],"author":[{"embeddable":true,"href":"https:\/\/www.areabesos.com\/diario\/wp-json\/wp\/v2\/users\/2"}],"replies":[{"embeddable":true,"href":"https:\/\/www.areabesos.com\/diario\/wp-json\/wp\/v2\/comments?post=9331"}],"version-history":[{"count":1,"href":"https:\/\/www.areabesos.com\/diario\/wp-json\/wp\/v2\/posts\/9331\/revisions"}],"predecessor-version":[{"id":9338,"href":"https:\/\/www.areabesos.com\/diario\/wp-json\/wp\/v2\/posts\/9331\/revisions\/9338"}],"wp:featuredmedia":[{"embeddable":true,"href":"https:\/\/www.areabesos.com\/diario\/wp-json\/wp\/v2\/media\/9336"}],"wp:attachment":[{"href":"https:\/\/www.areabesos.com\/diario\/wp-json\/wp\/v2\/media?parent=9331"}],"wp:term":[{"taxonomy":"category","embeddable":true,"href":"https:\/\/www.areabesos.com\/diario\/wp-json\/wp\/v2\/categories?post=9331"},{"taxonomy":"post_tag","embeddable":true,"href":"https:\/\/www.areabesos.com\/diario\/wp-json\/wp\/v2\/tags?post=9331"}],"curies":[{"name":"wp","href":"https:\/\/api.w.org\/{rel}","templated":true}]}}