{"id":9328,"date":"2025-12-12T13:18:34","date_gmt":"2025-12-12T12:18:34","guid":{"rendered":"https:\/\/www.areabesos.com\/diario\/?p=9328"},"modified":"2025-12-12T13:18:36","modified_gmt":"2025-12-12T12:18:36","slug":"nova-ordenanca-de-terrasses-a-partir-del-gener-de-2026","status":"publish","type":"post","link":"https:\/\/www.areabesos.com\/diario\/nova-ordenanca-de-terrasses-a-partir-del-gener-de-2026\/","title":{"rendered":"Nova ordenan\u00e7a de terrasses a partir del gener de 2026"},"content":{"rendered":"\n<p>Al gener de 2026 entrar\u00e0 en vigor la nova ordenan\u00e7a de terrasses, que incorpora diverses novetats rellevants:<\/p>\n\n\n\n<p><strong>&#8211; Es renovar\u00e0 de manera autom\u00e0tica mitjan\u00e7ant el padr\u00f3<\/strong><\/p>\n\n\n\n<p><strong>-S\u2019elimina l\u2019obligaci\u00f3 de disposar de l\u2019adhesiu anual de terrasses<\/strong><\/p>\n\n\n\n<p>Els establiments que van renovar la llic\u00e8ncia durant l\u2019any 2025 ja han estat inclosos al padr\u00f3 de terrasses. Per a&nbsp;<strong>l\u2019any 2026<\/strong>, es tindran en compte els&nbsp;<strong>mateixos m\u00f2duls i els mateixos mesos<\/strong>&nbsp;que es van renovar el 2025.<\/p>\n\n\n\n<p>En cas que es vulguin comunicar&nbsp;<strong>canvis al padr\u00f3 de terrasses de l\u2019any 2026<\/strong>, cal fer-ho durant aquest mes de desembre mitjan\u00e7ant el tr\u00e0mit corresponent:&nbsp;<a href=\"https:\/\/seu.sant-adria.net\/sta\/CarpetaPublic\/doEvent?APP_CODE=STA&amp;PAGE_CODE=CATALOGO&amp;DETALLE=6269000015737564007777\" target=\"_blank\" rel=\"noreferrer noopener\"><strong>Ocupaci\u00f3 de la via p\u00fablica: comunicaci\u00f3 de canvi de dades del padr\u00f3 de terrasses a la via p\u00fablica 2026<\/strong>.<\/a><\/p>\n\n\n\n<p>De cara a&nbsp;<strong>l\u2019any vinent<\/strong>, es podran&nbsp;<strong>domiciliar els rebuts<\/strong>&nbsp;perqu\u00e8 es carreguin autom\u00e0ticament al compte bancari, d\u2019acord amb els terminis de pagament establerts al calendari fiscal de 2026, que seran&nbsp;<strong>quatre pagaments trimestrals<\/strong>. La sol\u00b7licitud de domiciliaci\u00f3 es podr\u00e0 fer a trav\u00e9s de la seu electr\u00f2nica de l\u2019Ajuntament.<\/p>\n\n\n\n<p>Nom\u00e9s s\u2019inclouen al padr\u00f3 els establiments que han renovat la llic\u00e8ncia de terrasses l\u2019any 2025.&nbsp;<strong>Els establiments que no figurin al padr\u00f3 no podran instal\u00b7lar terrassa durant l\u2019any 2026.<\/strong><\/p>\n","protected":false},"excerpt":{"rendered":"<p>Al gener de 2026 entrar\u00e0 en vigor la nova ordenan\u00e7a de terrasses, que incorpora diverses novetats rellevants: &#8211; Es renovar\u00e0 de manera autom\u00e0tica mitjan\u00e7ant el padr\u00f3 -S\u2019elimina l\u2019obligaci\u00f3 de disposar de l\u2019adhesiu anual de terrasses Els establiments que van renovar la llic\u00e8ncia durant l\u2019any 2025 ja han estat inclosos al padr\u00f3 de terrasses. Per a&nbsp;l\u2019any [&hellip;]<\/p>\n","protected":false},"author":2,"featured_media":9329,"comment_status":"closed","ping_status":"open","sticky":false,"template":"","format":"standard","meta":{"footnotes":""},"categories":[134],"tags":[],"class_list":{"0":"post-9328","1":"post","2":"type-post","3":"status-publish","4":"format-standard","5":"has-post-thumbnail","7":"category-actualitat"},"_links":{"self":[{"href":"https:\/\/www.areabesos.com\/diario\/wp-json\/wp\/v2\/posts\/9328","targetHints":{"allow":["GET"]}}],"collection":[{"href":"https:\/\/www.areabesos.com\/diario\/wp-json\/wp\/v2\/posts"}],"about":[{"href":"https:\/\/www.areabesos.com\/diario\/wp-json\/wp\/v2\/types\/post"}],"author":[{"embeddable":true,"href":"https:\/\/www.areabesos.com\/diario\/wp-json\/wp\/v2\/users\/2"}],"replies":[{"embeddable":true,"href":"https:\/\/www.areabesos.com\/diario\/wp-json\/wp\/v2\/comments?post=9328"}],"version-history":[{"count":1,"href":"https:\/\/www.areabesos.com\/diario\/wp-json\/wp\/v2\/posts\/9328\/revisions"}],"predecessor-version":[{"id":9330,"href":"https:\/\/www.areabesos.com\/diario\/wp-json\/wp\/v2\/posts\/9328\/revisions\/9330"}],"wp:featuredmedia":[{"embeddable":true,"href":"https:\/\/www.areabesos.com\/diario\/wp-json\/wp\/v2\/media\/9329"}],"wp:attachment":[{"href":"https:\/\/www.areabesos.com\/diario\/wp-json\/wp\/v2\/media?parent=9328"}],"wp:term":[{"taxonomy":"category","embeddable":true,"href":"https:\/\/www.areabesos.com\/diario\/wp-json\/wp\/v2\/categories?post=9328"},{"taxonomy":"post_tag","embeddable":true,"href":"https:\/\/www.areabesos.com\/diario\/wp-json\/wp\/v2\/tags?post=9328"}],"curies":[{"name":"wp","href":"https:\/\/api.w.org\/{rel}","templated":true}]}}