{"id":9324,"date":"2025-12-11T20:02:00","date_gmt":"2025-12-11T19:02:00","guid":{"rendered":"https:\/\/www.areabesos.com\/diario\/?p=9324"},"modified":"2025-12-12T11:05:31","modified_gmt":"2025-12-12T10:05:31","slug":"el-pele-duquende-la-macanita-i-la-colomenca-ana-brenes-noms-propis-del-flamenc-on-26","status":"publish","type":"post","link":"https:\/\/www.areabesos.com\/diario\/el-pele-duquende-la-macanita-i-la-colomenca-ana-brenes-noms-propis-del-flamenc-on-26\/","title":{"rendered":"El Pele, Duquende, La Macanita i la colomenca Ana Brenes, noms propis del Flamenc-ON 26"},"content":{"rendered":"\n<p>La Fundaci\u00f3n Manolo Sanl\u00facar Aura Seguros ha presentat aquest mat\u00ed el programa de la 7a edici\u00f3 del Festival Flamenc de Santa Coloma, Flamenc-ON 26. Consolidat com un dels festivals de refer\u00e8ncia a Catalunya, ofereix, tal com ha detallat el seu director, Paco Garfia, una combinaci\u00f3 de grans noms del flamenc nacional i internacional amb figures emergents del g\u00e8nere.<\/p>\n\n\n\n<p>Aix\u00ed mateix, posa en valor el talent propi i inclou entre els seus espectacles el millor flamenc que es fa a Catalunya. Garfia, durant la presentaci\u00f3, no nom\u00e9s ha destacat els noms propis d\u2019aquesta 7a edici\u00f3, que omplir\u00e0 de flamenc diversos escenaris i racons de Santa Coloma de Gramenet amb figures com <strong>El Pele, Duquende, La Macanita o la colomenca Ana Brenes<\/strong>, sin\u00f3 que tamb\u00e9 ha ressaltat el contingut social i inclusiu de diverses de les propostes. De la mateixa manera, hi destaquen els espectacles amb perspectiva de g\u00e8nere, com el que se celebrar\u00e0, coincidint amb el <strong>Dia Internacional de la Dona, a l\u2019espai de la CIBA<\/strong>; un espectacle dirigit i interpretat per dones.<\/p>\n\n\n\n<p>En les seves intervencions, <strong>Jos\u00e9 Mart\u00ednez Talavera, president de la Fundaci\u00f3 Manolo Sanl\u00facar<\/strong>, ha reivindicat la tasca i l\u2019esfor\u00e7 que aquesta realitza en diferents \u00e0mbits gaireb\u00e9 sense ajudes institucionals: \u201c<em>El suport de l\u2019Ajuntament ha estat decisiu des de la primera edici\u00f3. Al contrari, no comptem amb la col\u00b7laboraci\u00f3 d\u2019institucions p\u00fabliques ni estatals ni auton\u00f2miques. No \u00e9s un retret, \u00e9s un toc d\u2019atenci\u00f3 perqu\u00e8 siguin conscients de l\u2019esfor\u00e7 que suposa posar en peu totes aquestes iniciatives des de la fundaci\u00f3<\/em>\u201d.<\/p>\n\n\n\n<p><strong>L\u2019alcaldessa de la ciutat, Mireia Gonz\u00e1lez<\/strong>, ha destacat que \u201c<em>aquest \u00e9s un festival que reuneix molts ingredients que el fan molt especial. Al darrere de la fundaci\u00f3 i dels seus pilars, hi ha el comprom\u00eds que el flamenc i la seva cultura perdurin i transcendeixin<\/em>\u201d.<\/p>\n\n\n\n<p>Flamenc-ON 26 s\u2019iniciar\u00e0 l\u20191 de mar\u00e7 de 2026 amb una novetat: una missa flamenca a l\u2019Esgl\u00e9sia Major de Santa Coloma de Gramenet. Juntament amb les actuacions de les grans figures que formen part del cartell d\u2019aquesta edici\u00f3 de 2026, hi seguiran propostes tan diverses com els concerts en diferents establiments de restauraci\u00f3 de la ciutat, un espectacle homenatge a Lola Flores, una sessi\u00f3 destinada als escolars per introduir-los en el m\u00f3n del flamenc i una altra especialment dedicada al p\u00fablic de la tercera edat.<\/p>\n\n\n\n<p>Hi haur\u00e0 propostes paral\u00b7leles, com confer\u00e8ncies i exposicions, i alguna sorpresa m\u00e9s que els organitzadors s\u2019han reservat. En definitiva, un programa que omplir\u00e0 amb el millor flamenc tot el mes de mar\u00e7 del proper 2026.<\/p>\n\n\n\n<p>Les entrades es podran adquirir a trav\u00e9s de la plataforma <a href=\"https:\/\/flamencon.koobin.es\/\">flamencon.Koobin.es<\/a> i tamb\u00e9 a la p\u00e0gina web <a href=\"https:\/\/www.flamencon.es\/\">flamencon.es<\/a>.<\/p>\n\n\n\n<div data-wp-interactive=\"core\/file\" class=\"wp-block-file\"><object data-wp-bind--hidden=\"!state.hasPdfPreview\" hidden class=\"wp-block-file__embed\" data=\"https:\/\/www.areabesos.com\/diario\/wp-content\/uploads\/2025\/12\/programa-flamencON-2026-1.pdf\" type=\"application\/pdf\" style=\"width:100%;height:600px\" aria-label=\"Incrustado de programa-flamencON-2026 (1).\"><\/object><a id=\"wp-block-file--media-43d30ddd-0282-4eb1-ae5b-e0460d66c60a\" href=\"https:\/\/www.areabesos.com\/diario\/wp-content\/uploads\/2025\/12\/programa-flamencON-2026-1.pdf\">programa-flamencON-2026 (1)<\/a><a href=\"https:\/\/www.areabesos.com\/diario\/wp-content\/uploads\/2025\/12\/programa-flamencON-2026-1.pdf\" class=\"wp-block-file__button wp-element-button\" download aria-describedby=\"wp-block-file--media-43d30ddd-0282-4eb1-ae5b-e0460d66c60a\">Descarga<\/a><\/div>\n","protected":false},"excerpt":{"rendered":"<p>La Fundaci\u00f3n Manolo Sanl\u00facar Aura Seguros ha presentat aquest mat\u00ed el programa de la 7a edici\u00f3 del Festival Flamenc de Santa Coloma, Flamenc-ON 26. Consolidat com un dels festivals de refer\u00e8ncia a Catalunya, ofereix, tal com ha detallat el seu director, Paco Garfia, una combinaci\u00f3 de grans noms del flamenc nacional i internacional amb figures [&hellip;]<\/p>\n","protected":false},"author":2,"featured_media":9326,"comment_status":"closed","ping_status":"open","sticky":false,"template":"","format":"standard","meta":{"footnotes":""},"categories":[142,136],"tags":[],"class_list":{"0":"post-9324","1":"post","2":"type-post","3":"status-publish","4":"format-standard","5":"has-post-thumbnail","7":"category-comarca","8":"category-cultura"},"_links":{"self":[{"href":"https:\/\/www.areabesos.com\/diario\/wp-json\/wp\/v2\/posts\/9324","targetHints":{"allow":["GET"]}}],"collection":[{"href":"https:\/\/www.areabesos.com\/diario\/wp-json\/wp\/v2\/posts"}],"about":[{"href":"https:\/\/www.areabesos.com\/diario\/wp-json\/wp\/v2\/types\/post"}],"author":[{"embeddable":true,"href":"https:\/\/www.areabesos.com\/diario\/wp-json\/wp\/v2\/users\/2"}],"replies":[{"embeddable":true,"href":"https:\/\/www.areabesos.com\/diario\/wp-json\/wp\/v2\/comments?post=9324"}],"version-history":[{"count":1,"href":"https:\/\/www.areabesos.com\/diario\/wp-json\/wp\/v2\/posts\/9324\/revisions"}],"predecessor-version":[{"id":9327,"href":"https:\/\/www.areabesos.com\/diario\/wp-json\/wp\/v2\/posts\/9324\/revisions\/9327"}],"wp:featuredmedia":[{"embeddable":true,"href":"https:\/\/www.areabesos.com\/diario\/wp-json\/wp\/v2\/media\/9326"}],"wp:attachment":[{"href":"https:\/\/www.areabesos.com\/diario\/wp-json\/wp\/v2\/media?parent=9324"}],"wp:term":[{"taxonomy":"category","embeddable":true,"href":"https:\/\/www.areabesos.com\/diario\/wp-json\/wp\/v2\/categories?post=9324"},{"taxonomy":"post_tag","embeddable":true,"href":"https:\/\/www.areabesos.com\/diario\/wp-json\/wp\/v2\/tags?post=9324"}],"curies":[{"name":"wp","href":"https:\/\/api.w.org\/{rel}","templated":true}]}}