{"id":9322,"date":"2025-12-10T10:52:37","date_gmt":"2025-12-10T09:52:37","guid":{"rendered":"https:\/\/www.areabesos.com\/diario\/?p=9322"},"modified":"2025-12-12T10:53:16","modified_gmt":"2025-12-12T09:53:16","slug":"els-mossos-desquadra-detenen-el-conductor-dun-taxi-que-va-atropellar-un-home-a-santa-coloma-de-gramenet","status":"publish","type":"post","link":"https:\/\/www.areabesos.com\/diario\/els-mossos-desquadra-detenen-el-conductor-dun-taxi-que-va-atropellar-un-home-a-santa-coloma-de-gramenet\/","title":{"rendered":"Els Mossos d\u2019Esquadra detenen el conductor d\u2019un taxi que va atropellar un home a Santa Coloma de Gramenet"},"content":{"rendered":"\n<p>Agents de la Policia de la Generalitat &#8211; Mossos d\u2019Esquadra de la Unitat d\u2019Investigaci\u00f3 de la comissaria de Santa Coloma de Gramenet van detenir dimarts, 2 de desembre, un home de 30 anys, a Santa Coloma de Gramenet, com a presumpte autor d\u2019un delicte d\u2019homicidi dol\u00f3s en grau de temptativa.<\/p>\n\n\n\n<p>Els fets es remunten al passat 21 de setembre quan el detingut hauria atropellat un altre home que estava amb uns amics prop del passeig de la Pollancreda. Segons haurien explicat alguns testimonis, el cotxe s\u2019hauria apropat al grup a gran velocitat i, en recriminar-li, el conductor n\u2019hauria baixat furi\u00f3s per marxar, i, minuts m\u00e9s tard, tornar i atropellar un dels homes. Com a conseq\u00fc\u00e8ncia de l\u2019atropellament, la v\u00edctima va estar ingressada en un centre hospitalari.<\/p>\n\n\n\n<p>Agents de la Unitat d\u2019Investigaci\u00f3 de la comissaria de Santa Coloma de Gramenet han estat treballant en els fets denunciats fins arribar a la identificaci\u00f3 i detenci\u00f3 del presumpte autor de l\u2019atropellament. L\u2019home, de 30 anys, t\u00e9 m\u00faltiples antecedents policials.<\/p>\n\n\n\n<p>L\u2019endem\u00e0 el detingut va passar a disposici\u00f3 judicial del jutjat d\u2019instrucci\u00f3 en funcions de gu\u00e0rdia de Santa Coloma de Gramenet.<\/p>\n","protected":false},"excerpt":{"rendered":"<p>Agents de la Policia de la Generalitat &#8211; Mossos d\u2019Esquadra de la Unitat d\u2019Investigaci\u00f3 de la comissaria de Santa Coloma de Gramenet van detenir dimarts, 2 de desembre, un home de 30 anys, a Santa Coloma de Gramenet, com a presumpte autor d\u2019un delicte d\u2019homicidi dol\u00f3s en grau de temptativa. Els fets es remunten al [&hellip;]<\/p>\n","protected":false},"author":2,"featured_media":1531,"comment_status":"closed","ping_status":"open","sticky":false,"template":"","format":"standard","meta":{"footnotes":""},"categories":[142],"tags":[],"class_list":{"0":"post-9322","1":"post","2":"type-post","3":"status-publish","4":"format-standard","5":"has-post-thumbnail","7":"category-comarca"},"_links":{"self":[{"href":"https:\/\/www.areabesos.com\/diario\/wp-json\/wp\/v2\/posts\/9322","targetHints":{"allow":["GET"]}}],"collection":[{"href":"https:\/\/www.areabesos.com\/diario\/wp-json\/wp\/v2\/posts"}],"about":[{"href":"https:\/\/www.areabesos.com\/diario\/wp-json\/wp\/v2\/types\/post"}],"author":[{"embeddable":true,"href":"https:\/\/www.areabesos.com\/diario\/wp-json\/wp\/v2\/users\/2"}],"replies":[{"embeddable":true,"href":"https:\/\/www.areabesos.com\/diario\/wp-json\/wp\/v2\/comments?post=9322"}],"version-history":[{"count":1,"href":"https:\/\/www.areabesos.com\/diario\/wp-json\/wp\/v2\/posts\/9322\/revisions"}],"predecessor-version":[{"id":9323,"href":"https:\/\/www.areabesos.com\/diario\/wp-json\/wp\/v2\/posts\/9322\/revisions\/9323"}],"wp:featuredmedia":[{"embeddable":true,"href":"https:\/\/www.areabesos.com\/diario\/wp-json\/wp\/v2\/media\/1531"}],"wp:attachment":[{"href":"https:\/\/www.areabesos.com\/diario\/wp-json\/wp\/v2\/media?parent=9322"}],"wp:term":[{"taxonomy":"category","embeddable":true,"href":"https:\/\/www.areabesos.com\/diario\/wp-json\/wp\/v2\/categories?post=9322"},{"taxonomy":"post_tag","embeddable":true,"href":"https:\/\/www.areabesos.com\/diario\/wp-json\/wp\/v2\/tags?post=9322"}],"curies":[{"name":"wp","href":"https:\/\/api.w.org\/{rel}","templated":true}]}}