{"id":9315,"date":"2025-12-10T11:46:52","date_gmt":"2025-12-10T10:46:52","guid":{"rendered":"https:\/\/www.areabesos.com\/diario\/?p=9315"},"modified":"2025-12-10T11:46:54","modified_gmt":"2025-12-10T10:46:54","slug":"dimite-por-motivos-personales-el-concejal-de-deportes-francisco-burgos","status":"publish","type":"post","link":"https:\/\/www.areabesos.com\/diario\/dimite-por-motivos-personales-el-concejal-de-deportes-francisco-burgos\/","title":{"rendered":"Dimite por motivos personales el concejal de deportes Francisco Burgos"},"content":{"rendered":"\n<p>El concejal de deportes, sociedad del conocimiento y recursos humanos, y sexto teniente de alcalde del Ayuntamiento de Sant Adri\u00e0 de Bes\u00f2s, Francisco Burgos, present\u00f3 ayer su dimisi\u00f3n, que se ha hecho efectiva hoy, por motivos personales. La semana pasada, una vecina del edificio en el que reside present\u00f3 una denuncia contra \u00e9l por, presuntamente, haberle agredido sin motivo en el rellano de su casa. La denunciante ha declarado que la tir\u00f3 al suelo, le rompi\u00f3 el m\u00f3vil, y pate\u00f3 su puerta hasta romper el cerrojo. Tambi\u00e9n afirma que al d\u00eda siguiente, despu\u00e9s de que los Mossos se personaran para hablar con ambos, la amenaz\u00f3 al cruzarse con ella en la escalera. <\/p>\n\n\n\n<p>El consistorio adrianense no ha querido valorar ni la denuncia ni la dimisi\u00f3n del concejal ya que consideran que se enmarca en el \u00e1mbito personal y tendr\u00e1 que ser el juez quien se pronuncie sobre unos hechos con dos versiones muy diferentes. En un primer momento s\u00ed se ofrecieron para mediar entre las partes. <\/p>\n\n\n\n<p>Partidos de la oposici\u00f3n como Vox han cargado contra la alcaldesa de la ciudad, Filo Ca\u00f1ete, y le exige que aclare \u00abqu\u00e9 sab\u00eda, cu\u00e1ndo lo supo y qu\u00e9 medidas adopt\u00f3 desde el primer momento, al tratarse de un miembro de su equipo de Gobierno y de una cuesti\u00f3n que afecta directamente a la imagen institucional del Ayuntamiento\u00bb. Por ello,\u00a0VOX ha solicitado que la alcaldesa comparezca de forma urgente y ofrezca explicaciones p\u00fablicas, as\u00ed como que ponga a disposici\u00f3n de la oposici\u00f3n toda la informaci\u00f3n relativa al caso.<\/p>\n\n\n\n<p>El portavoz municipal,\u00a0Toni Balboa, ha afirmado que \u00abla dimisi\u00f3n del teniente de alcalde no puede ser utilizada como un cortafuegos pol\u00edtico. Los vecinos tienen derecho a saber qu\u00e9 ha ocurrido y por qu\u00e9 un miembro del Gobierno socialista se ha visto obligado a renunciar\u00bb.\u00a0Balboa\u00a0ha a\u00f1adido: \u00abExigimos a la alcaldesa Filo Ca\u00f1ete que deje de esconderse y d\u00e9 la cara. No puede haber silencio cuando se trata de hechos tan graves que afectan a un cargo de su m\u00e1xima confianza\u00bb.<\/p>\n\n\n\n<p>Asimismo, el portavoz ha subrayado que \u00abel PSC debe asumir responsabilidades. La dimisi\u00f3n es solo el primer paso. Ahora toca saber si la alcaldesa actu\u00f3 con diligencia o si intent\u00f3 mirar hacia otro lado\u00bb.<\/p>\n","protected":false},"excerpt":{"rendered":"<p>El concejal de deportes, sociedad del conocimiento y recursos humanos, y sexto teniente de alcalde del Ayuntamiento de Sant Adri\u00e0 de Bes\u00f2s, Francisco Burgos, present\u00f3 ayer su dimisi\u00f3n, que se ha hecho efectiva hoy, por motivos personales. La semana pasada, una vecina del edificio en el que reside present\u00f3 una denuncia contra \u00e9l por, presuntamente, [&hellip;]<\/p>\n","protected":false},"author":2,"featured_media":8975,"comment_status":"closed","ping_status":"open","sticky":false,"template":"","format":"standard","meta":{"footnotes":""},"categories":[134],"tags":[],"class_list":{"0":"post-9315","1":"post","2":"type-post","3":"status-publish","4":"format-standard","5":"has-post-thumbnail","7":"category-actualitat"},"_links":{"self":[{"href":"https:\/\/www.areabesos.com\/diario\/wp-json\/wp\/v2\/posts\/9315","targetHints":{"allow":["GET"]}}],"collection":[{"href":"https:\/\/www.areabesos.com\/diario\/wp-json\/wp\/v2\/posts"}],"about":[{"href":"https:\/\/www.areabesos.com\/diario\/wp-json\/wp\/v2\/types\/post"}],"author":[{"embeddable":true,"href":"https:\/\/www.areabesos.com\/diario\/wp-json\/wp\/v2\/users\/2"}],"replies":[{"embeddable":true,"href":"https:\/\/www.areabesos.com\/diario\/wp-json\/wp\/v2\/comments?post=9315"}],"version-history":[{"count":1,"href":"https:\/\/www.areabesos.com\/diario\/wp-json\/wp\/v2\/posts\/9315\/revisions"}],"predecessor-version":[{"id":9316,"href":"https:\/\/www.areabesos.com\/diario\/wp-json\/wp\/v2\/posts\/9315\/revisions\/9316"}],"wp:featuredmedia":[{"embeddable":true,"href":"https:\/\/www.areabesos.com\/diario\/wp-json\/wp\/v2\/media\/8975"}],"wp:attachment":[{"href":"https:\/\/www.areabesos.com\/diario\/wp-json\/wp\/v2\/media?parent=9315"}],"wp:term":[{"taxonomy":"category","embeddable":true,"href":"https:\/\/www.areabesos.com\/diario\/wp-json\/wp\/v2\/categories?post=9315"},{"taxonomy":"post_tag","embeddable":true,"href":"https:\/\/www.areabesos.com\/diario\/wp-json\/wp\/v2\/tags?post=9315"}],"curies":[{"name":"wp","href":"https:\/\/api.w.org\/{rel}","templated":true}]}}