{"id":9307,"date":"2025-12-04T13:25:59","date_gmt":"2025-12-04T12:25:59","guid":{"rendered":"https:\/\/www.areabesos.com\/diario\/?p=9307"},"modified":"2025-12-09T13:32:55","modified_gmt":"2025-12-09T12:32:55","slug":"linstitut-enric-borras-amb-la-marato-de-tv3","status":"publish","type":"post","link":"https:\/\/www.areabesos.com\/diario\/linstitut-enric-borras-amb-la-marato-de-tv3\/","title":{"rendered":"L&#8217;institut Enric Borr\u00e0s amb La Marat\u00f3 de TV3"},"content":{"rendered":"\n<p>El proper dijous, 11 de desembre, els alumnes del grau superior d&#8217;est\u00e8tica integral i benestar de l&#8217;Institu Enric Borr\u00e0s sortiran al carrer per col\u00b7laborar amb la Marat\u00f3 de TV3, que enguany se centra en la divulgaci\u00f3 i la recaptaci\u00f3 per la recerca contra el c\u00e0ncer. Durant el mat\u00ed es duran a terme diverses activitats al passatge dels Encants de Badalona, en col\u00b7laboraci\u00f3 amb el CAP La Salut i l&#8217;empresa dedicada a la recerca oncol\u00f2gica Endor Technologies.  <\/p>\n\n\n\n<p>Els alumnes del m\u00f2dul d\u2019est\u00e8tica oncol\u00f2gica, impartiran tallers, d\u2019una hora de durada, durant tot el mat\u00ed, per ensenyar i sensibilitzar, sobre els efectes dels tractaments oncol\u00f2gics a la pell. El taller est\u00e0 obert a pacients oncol\u00f2gics, cuidadors, familiars o persones interessades en el tema.<\/p>\n\n\n\n<p>A m\u00e9s, tindr\u00e0 lloc una xerrada a c\u00e0rrec de Joaquim Escudero, cofundador d&#8217;Endor Technologies, sobre la feina feta per l&#8217;empresa en la recerca contra el c\u00e0ncer. Es duran a terme dues sessions, a les 10 i a les 12 hores. <\/p>\n\n\n\n<p>Per \u00faltim, els alumnes duran a terme diverses activitats per recaptar fons per La Marat\u00f3 de 9 a 17 hores al mateix passatge dels Encants. <\/p>\n","protected":false},"excerpt":{"rendered":"<p>El proper dijous, 11 de desembre, els alumnes del grau superior d&#8217;est\u00e8tica integral i benestar de l&#8217;Institu Enric Borr\u00e0s sortiran al carrer per col\u00b7laborar amb la Marat\u00f3 de TV3, que enguany se centra en la divulgaci\u00f3 i la recaptaci\u00f3 per la recerca contra el c\u00e0ncer. Durant el mat\u00ed es duran a terme diverses activitats al [&hellip;]<\/p>\n","protected":false},"author":2,"featured_media":9308,"comment_status":"closed","ping_status":"open","sticky":false,"template":"","format":"standard","meta":{"footnotes":""},"categories":[134],"tags":[],"class_list":{"0":"post-9307","1":"post","2":"type-post","3":"status-publish","4":"format-standard","5":"has-post-thumbnail","7":"category-actualitat"},"_links":{"self":[{"href":"https:\/\/www.areabesos.com\/diario\/wp-json\/wp\/v2\/posts\/9307","targetHints":{"allow":["GET"]}}],"collection":[{"href":"https:\/\/www.areabesos.com\/diario\/wp-json\/wp\/v2\/posts"}],"about":[{"href":"https:\/\/www.areabesos.com\/diario\/wp-json\/wp\/v2\/types\/post"}],"author":[{"embeddable":true,"href":"https:\/\/www.areabesos.com\/diario\/wp-json\/wp\/v2\/users\/2"}],"replies":[{"embeddable":true,"href":"https:\/\/www.areabesos.com\/diario\/wp-json\/wp\/v2\/comments?post=9307"}],"version-history":[{"count":1,"href":"https:\/\/www.areabesos.com\/diario\/wp-json\/wp\/v2\/posts\/9307\/revisions"}],"predecessor-version":[{"id":9309,"href":"https:\/\/www.areabesos.com\/diario\/wp-json\/wp\/v2\/posts\/9307\/revisions\/9309"}],"wp:featuredmedia":[{"embeddable":true,"href":"https:\/\/www.areabesos.com\/diario\/wp-json\/wp\/v2\/media\/9308"}],"wp:attachment":[{"href":"https:\/\/www.areabesos.com\/diario\/wp-json\/wp\/v2\/media?parent=9307"}],"wp:term":[{"taxonomy":"category","embeddable":true,"href":"https:\/\/www.areabesos.com\/diario\/wp-json\/wp\/v2\/categories?post=9307"},{"taxonomy":"post_tag","embeddable":true,"href":"https:\/\/www.areabesos.com\/diario\/wp-json\/wp\/v2\/tags?post=9307"}],"curies":[{"name":"wp","href":"https:\/\/api.w.org\/{rel}","templated":true}]}}