{"id":9304,"date":"2025-12-05T09:19:00","date_gmt":"2025-12-05T08:19:00","guid":{"rendered":"https:\/\/www.areabesos.com\/diario\/?p=9304"},"modified":"2025-12-09T13:21:46","modified_gmt":"2025-12-09T12:21:46","slug":"ha-pedido-permiso-alberto-a-isabel","status":"publish","type":"post","link":"https:\/\/www.areabesos.com\/diario\/ha-pedido-permiso-alberto-a-isabel\/","title":{"rendered":"\u00bfHa pedido permiso Alberto a Isabel\u2026"},"content":{"rendered":"\n<p>\u2026para poder decir algo antes que ella?<\/p>\n\n\n\n<p>Lo pregunto porque, en los sitios donde cuentan las noticias aunque molesten a sus protagonistas, es lugar com\u00fan el destacar las muchas veces que Ayuso se adelanta a Feijoo cuando el PP tiene que decir algo sobre cualquier cosa que pueda molestar al autor del \u201cManual de resistencia\u201d, un libro que pronto cumplir\u00e1 siete a\u00f1os en el mercado, ocho \u00e9l en la Moncloa y nueve desde que rompi\u00f3 los planes de Felipe Gonz\u00e1lez y sus secuaces, que puede que sea por tantos motivos por los que no dejan de salirle enemigos de los que no paran de hacer ruido.<\/p>\n\n\n\n<p>Se suele decir que ella se anticipa siempre al presidente de su propio partido para marcar territorio, que quiz\u00e1s ser\u00eda otra cosa si \u00e9l fuera una ella y ella fuera un \u00e9l.&nbsp;<\/p>\n\n\n\n<p>Todo esto viene a cuento de que eran las 11:30 de la ma\u00f1ana del jueves 4 de diciembre y estaba yo sentado en uno de los bares habituales con varios amigos de los de siempre cuando, de repente, repar\u00e9 en un silencio de los que asustan mucho m\u00e1s que el ruido, pues ocurr\u00eda, como todo desde aquel d\u00eda, despu\u00e9s de que el novio de ella declarara en sede judicial que, por culpa de una verdad inc\u00f3moda, pero divulgada, hab\u00eda pensado hasta en suicidarse. O incluso en largarse de Espa\u00f1a.<\/p>\n\n\n\n<p>Me inquietaba que ella no hubiera dicho nada cuando ya hab\u00edan pasado m\u00e1s de treinta horas desde que se conocieron los tejemanejes, contrarios a la salud de las personas vivas, que la gestora (privada) que manda en el Hospital (p\u00fablico) de Torrej\u00f3n estaba aplicando con tal de ganar m\u00e1s dinero, y no se tienen noticias de que esas mayores ganancias las estuvieran repartiendo entre esos pacientes que sufr\u00edan las consecuencias de sus planificadas malas artes, algunas de las cuales podr\u00edan tener consecuencias hasta fatales, y no estoy diciendo que Ribera Salud sea el nombre de la gestora, ni tampoco entrar\u00e9 en los detalles de las nuevas maldades que se van conociendo, porque no he tropezado con nadie que est\u00e9 desinformado al respecto.<\/p>\n\n\n\n<p>Por tanto, de los protagonistas de hoy nos encontramos, por una parte, a un Feijoo incapaz de echar a patadas del PP a un tal Maz\u00f3n en ca\u00edda libre gracias a que la verdad se va conociendo y al mismo ritmo se van rompiendo los contubernios pero que, sospecho, tiene cogido por los genitales al inventor desesperado de \u201canotop at\u201d y, por otra parte, a una D\u00edaz Ayuso tropezando una y otra vez con lo de Torrej\u00f3n porque en esta ocasi\u00f3n no le ha quedado m\u00e1s remedio que hablar despu\u00e9s de Feijoo. &nbsp;<\/p>\n\n\n\n<p>En medio de este l\u00edo, decido re\u00edrme de los problemas de un S\u00e1nchez que en el pasado se rode\u00f3 de elementos que apostaron por \u00e9l para conseguir poder y blindar as\u00ed el disfrute de sus vicios y que ganaron, igual que pod\u00edan haber perdido como en cualquier negocio o loter\u00eda.<\/p>\n\n\n\n<p>No puedo evitar el recuerdo de los \u201cvolquetes de putas\u201d que se confiaban entre ellos algunos del PP, o en los m\u00e1s de 80 del partido de Alberto e Isabel, o al rev\u00e9s, que hoy residen en Soto del Real, contra los 2 o 3 del PSOE, por lo que dicen las noticias y no consigo leer ni escuchar a ninguno de los medios financiados por los terminales p\u00fablicos \u201cpeperos\u201d atrevi\u00e9ndose a corregir esas cifras de encarcelados por corrupciones varias.<\/p>\n\n\n\n<p><strong>Domingo Sanz<\/strong><\/p>\n","protected":false},"excerpt":{"rendered":"<p>\u2026para poder decir algo antes que ella? Lo pregunto porque, en los sitios donde cuentan las noticias aunque molesten a sus protagonistas, es lugar com\u00fan el destacar las muchas veces que Ayuso se adelanta a Feijoo cuando el PP tiene que decir algo sobre cualquier cosa que pueda molestar al autor del \u201cManual de resistencia\u201d, [&hellip;]<\/p>\n","protected":false},"author":2,"featured_media":9305,"comment_status":"closed","ping_status":"open","sticky":false,"template":"","format":"standard","meta":{"footnotes":""},"categories":[139],"tags":[],"class_list":{"0":"post-9304","1":"post","2":"type-post","3":"status-publish","4":"format-standard","5":"has-post-thumbnail","7":"category-opinio"},"_links":{"self":[{"href":"https:\/\/www.areabesos.com\/diario\/wp-json\/wp\/v2\/posts\/9304","targetHints":{"allow":["GET"]}}],"collection":[{"href":"https:\/\/www.areabesos.com\/diario\/wp-json\/wp\/v2\/posts"}],"about":[{"href":"https:\/\/www.areabesos.com\/diario\/wp-json\/wp\/v2\/types\/post"}],"author":[{"embeddable":true,"href":"https:\/\/www.areabesos.com\/diario\/wp-json\/wp\/v2\/users\/2"}],"replies":[{"embeddable":true,"href":"https:\/\/www.areabesos.com\/diario\/wp-json\/wp\/v2\/comments?post=9304"}],"version-history":[{"count":1,"href":"https:\/\/www.areabesos.com\/diario\/wp-json\/wp\/v2\/posts\/9304\/revisions"}],"predecessor-version":[{"id":9306,"href":"https:\/\/www.areabesos.com\/diario\/wp-json\/wp\/v2\/posts\/9304\/revisions\/9306"}],"wp:featuredmedia":[{"embeddable":true,"href":"https:\/\/www.areabesos.com\/diario\/wp-json\/wp\/v2\/media\/9305"}],"wp:attachment":[{"href":"https:\/\/www.areabesos.com\/diario\/wp-json\/wp\/v2\/media?parent=9304"}],"wp:term":[{"taxonomy":"category","embeddable":true,"href":"https:\/\/www.areabesos.com\/diario\/wp-json\/wp\/v2\/categories?post=9304"},{"taxonomy":"post_tag","embeddable":true,"href":"https:\/\/www.areabesos.com\/diario\/wp-json\/wp\/v2\/tags?post=9304"}],"curies":[{"name":"wp","href":"https:\/\/api.w.org\/{rel}","templated":true}]}}