{"id":9299,"date":"2025-12-05T10:51:32","date_gmt":"2025-12-05T09:51:32","guid":{"rendered":"https:\/\/www.areabesos.com\/diario\/?p=9299"},"modified":"2025-12-09T10:56:52","modified_gmt":"2025-12-09T09:56:52","slug":"tancat-el-parc-fluvial-del-besos-per-la-pesta-porcina-africana","status":"publish","type":"post","link":"https:\/\/www.areabesos.com\/diario\/tancat-el-parc-fluvial-del-besos-per-la-pesta-porcina-africana\/","title":{"rendered":"Tancat el Parc Fluvial del Bes\u00f2s per la pesta porcina africana"},"content":{"rendered":"\n<p>Sant Adri\u00e0 de Bes\u00f2s ha estat inclosa en la zona de control i vigil\u00e0ncia de l\u2019alerta sanit\u00e0ria per la PPA (Pesta Porcina Africana). Per aquest motiu, el Parc Fluvial del Bes\u00f2s queda tancat fins a proper av\u00eds. El consistori de la ciutat demana la col\u00b7laboraci\u00f3 de tota la ciutadania per contenir el focus i evitar que s\u2019ampli\u00ef el seu radi d\u2019acci\u00f3.<\/p>\n\n\n\n<p>Cal recordar que <strong>la Pesta Porcina Africana (PPA) no \u00e9s transmissible a les persones<\/strong>\u00a0per cap via. La malaltia afecta \u00fanicament el porc dom\u00e8stic i el porc senglar i comporta un risc econ\u00f2mic i sanitari per al sector porc\u00ed, motiu pel qual s\u2019han establert mesures immediates i preventives.<\/p>\n\n\n\n<figure class=\"wp-block-gallery has-nested-images columns-default is-cropped td-modal-on-gallery wp-block-gallery-1 is-layout-flex wp-block-gallery-is-layout-flex\">\n<figure class=\"wp-block-image size-large\"><img loading=\"lazy\" decoding=\"async\" width=\"1206\" height=\"1608\" data-id=\"9302\" src=\"https:\/\/www.areabesos.com\/diario\/wp-content\/uploads\/2025\/12\/591032525_18440775010103835_8031729041543467950_n.jpg\" alt=\"\" class=\"wp-image-9302\"\/><\/figure>\n\n\n\n<figure class=\"wp-block-image size-large\"><img loading=\"lazy\" decoding=\"async\" width=\"1206\" height=\"1608\" data-id=\"9301\" src=\"https:\/\/www.areabesos.com\/diario\/wp-content\/uploads\/2025\/12\/589279792_18440775019103835_2115155958854848819_n.jpg\" alt=\"\" class=\"wp-image-9301\"\/><\/figure>\n<\/figure>\n","protected":false},"excerpt":{"rendered":"<p>Sant Adri\u00e0 de Bes\u00f2s ha estat inclosa en la zona de control i vigil\u00e0ncia de l\u2019alerta sanit\u00e0ria per la PPA (Pesta Porcina Africana). Per aquest motiu, el Parc Fluvial del Bes\u00f2s queda tancat fins a proper av\u00eds. El consistori de la ciutat demana la col\u00b7laboraci\u00f3 de tota la ciutadania per contenir el focus i evitar [&hellip;]<\/p>\n","protected":false},"author":1,"featured_media":9300,"comment_status":"closed","ping_status":"open","sticky":false,"template":"","format":"standard","meta":{"footnotes":""},"categories":[134],"tags":[],"class_list":{"0":"post-9299","1":"post","2":"type-post","3":"status-publish","4":"format-standard","5":"has-post-thumbnail","7":"category-actualitat"},"_links":{"self":[{"href":"https:\/\/www.areabesos.com\/diario\/wp-json\/wp\/v2\/posts\/9299","targetHints":{"allow":["GET"]}}],"collection":[{"href":"https:\/\/www.areabesos.com\/diario\/wp-json\/wp\/v2\/posts"}],"about":[{"href":"https:\/\/www.areabesos.com\/diario\/wp-json\/wp\/v2\/types\/post"}],"author":[{"embeddable":true,"href":"https:\/\/www.areabesos.com\/diario\/wp-json\/wp\/v2\/users\/1"}],"replies":[{"embeddable":true,"href":"https:\/\/www.areabesos.com\/diario\/wp-json\/wp\/v2\/comments?post=9299"}],"version-history":[{"count":1,"href":"https:\/\/www.areabesos.com\/diario\/wp-json\/wp\/v2\/posts\/9299\/revisions"}],"predecessor-version":[{"id":9303,"href":"https:\/\/www.areabesos.com\/diario\/wp-json\/wp\/v2\/posts\/9299\/revisions\/9303"}],"wp:featuredmedia":[{"embeddable":true,"href":"https:\/\/www.areabesos.com\/diario\/wp-json\/wp\/v2\/media\/9300"}],"wp:attachment":[{"href":"https:\/\/www.areabesos.com\/diario\/wp-json\/wp\/v2\/media?parent=9299"}],"wp:term":[{"taxonomy":"category","embeddable":true,"href":"https:\/\/www.areabesos.com\/diario\/wp-json\/wp\/v2\/categories?post=9299"},{"taxonomy":"post_tag","embeddable":true,"href":"https:\/\/www.areabesos.com\/diario\/wp-json\/wp\/v2\/tags?post=9299"}],"curies":[{"name":"wp","href":"https:\/\/api.w.org\/{rel}","templated":true}]}}