{"id":9294,"date":"2025-12-02T11:11:09","date_gmt":"2025-12-02T10:11:09","guid":{"rendered":"https:\/\/www.areabesos.com\/diario\/?p=9294"},"modified":"2025-12-02T11:11:11","modified_gmt":"2025-12-02T10:11:11","slug":"inauguracio-de-lexposicio-i-lliurament-de-premis-del-concurs-de-joves-fotografs-el-nostre-entorn","status":"publish","type":"post","link":"https:\/\/www.areabesos.com\/diario\/inauguracio-de-lexposicio-i-lliurament-de-premis-del-concurs-de-joves-fotografs-el-nostre-entorn\/","title":{"rendered":"Inauguraci\u00f3 de l&#8217;exposici\u00f3 i lliurament de premis del concurs de joves fot\u00f2grafs \u00abEl nostre entorn\u00bb"},"content":{"rendered":"\n<p>Aquest proper dijous, 4 de desembre, a partir de les 19.30 hores, es dur\u00e0 a terme la inauguraci\u00f3 de l&#8217;exposici\u00f3 i el lliurament de premis del concurs de joves fot\u00f2grafs \u00abEl nostre entorn\u00bb, organitzat per l&#8217;Agrupaci\u00f3 Fotogr\u00e0fica Sant Joan Baptista de Sant Adri\u00e0 de Bes\u00f2s. L&#8217;acte, d&#8217;entrada lliure, tindr\u00e0 lloc a la seu de l&#8217;entitat, al carrer Dr. Barraquer, 6, baixos. L&#8217;exposici\u00f3 es podr\u00e0 visitar fins el 30 de desembre, els dimarts i dijous de 18.30 a 20.30 hores. <\/p>\n","protected":false},"excerpt":{"rendered":"<p>Aquest proper dijous, 4 de desembre, a partir de les 19.30 hores, es dur\u00e0 a terme la inauguraci\u00f3 de l&#8217;exposici\u00f3 i el lliurament de premis del concurs de joves fot\u00f2grafs \u00abEl nostre entorn\u00bb, organitzat per l&#8217;Agrupaci\u00f3 Fotogr\u00e0fica Sant Joan Baptista de Sant Adri\u00e0 de Bes\u00f2s. L&#8217;acte, d&#8217;entrada lliure, tindr\u00e0 lloc a la seu de l&#8217;entitat, [&hellip;]<\/p>\n","protected":false},"author":1,"featured_media":9295,"comment_status":"closed","ping_status":"open","sticky":false,"template":"","format":"standard","meta":{"footnotes":""},"categories":[136],"tags":[],"class_list":{"0":"post-9294","1":"post","2":"type-post","3":"status-publish","4":"format-standard","5":"has-post-thumbnail","7":"category-cultura"},"_links":{"self":[{"href":"https:\/\/www.areabesos.com\/diario\/wp-json\/wp\/v2\/posts\/9294","targetHints":{"allow":["GET"]}}],"collection":[{"href":"https:\/\/www.areabesos.com\/diario\/wp-json\/wp\/v2\/posts"}],"about":[{"href":"https:\/\/www.areabesos.com\/diario\/wp-json\/wp\/v2\/types\/post"}],"author":[{"embeddable":true,"href":"https:\/\/www.areabesos.com\/diario\/wp-json\/wp\/v2\/users\/1"}],"replies":[{"embeddable":true,"href":"https:\/\/www.areabesos.com\/diario\/wp-json\/wp\/v2\/comments?post=9294"}],"version-history":[{"count":1,"href":"https:\/\/www.areabesos.com\/diario\/wp-json\/wp\/v2\/posts\/9294\/revisions"}],"predecessor-version":[{"id":9296,"href":"https:\/\/www.areabesos.com\/diario\/wp-json\/wp\/v2\/posts\/9294\/revisions\/9296"}],"wp:featuredmedia":[{"embeddable":true,"href":"https:\/\/www.areabesos.com\/diario\/wp-json\/wp\/v2\/media\/9295"}],"wp:attachment":[{"href":"https:\/\/www.areabesos.com\/diario\/wp-json\/wp\/v2\/media?parent=9294"}],"wp:term":[{"taxonomy":"category","embeddable":true,"href":"https:\/\/www.areabesos.com\/diario\/wp-json\/wp\/v2\/categories?post=9294"},{"taxonomy":"post_tag","embeddable":true,"href":"https:\/\/www.areabesos.com\/diario\/wp-json\/wp\/v2\/tags?post=9294"}],"curies":[{"name":"wp","href":"https:\/\/api.w.org\/{rel}","templated":true}]}}