{"id":9291,"date":"2025-12-01T12:50:29","date_gmt":"2025-12-01T11:50:29","guid":{"rendered":"https:\/\/www.areabesos.com\/diario\/?p=9291"},"modified":"2025-12-01T12:50:31","modified_gmt":"2025-12-01T11:50:31","slug":"arriba-el-nadal-a-sant-adria","status":"publish","type":"post","link":"https:\/\/www.areabesos.com\/diario\/arriba-el-nadal-a-sant-adria\/","title":{"rendered":"Arriba el Nadal a Sant Adri\u00e0"},"content":{"rendered":"\n<p>El Nadal ja \u00e9s aqu\u00ed i arriba ple d\u2019activitats perqu\u00e8 tant grans com petits puguin gaudir d\u2019una de les \u00e8poques m\u00e9s especials de l\u2019any. Un any m\u00e9s l\u2019Ajuntament i les entitats locals han preparat un ampli ventall de propostes, combinant activitats tradicionals i d\u2019entreteniment pensades per a tota la fam\u00edlia.<\/p>\n\n\n\n<p>La trilogia de concerts de l\u2019Escola Municipal de M\u00fasica Benet Ba\u00efls, les activitats infantils i solid\u00e0ries, el ti\u00f3 familiar, aix\u00ed com el sal\u00f3 infantil Adril\u00e0ndia i la tradicional Cavalcada de Reis, s\u00f3n nom\u00e9s algunes de les propostes incloses al programa.<\/p>\n\n\n\n<p>Us animem a gaudir d\u2019aquestes festes sense sortir de la vostra ciutat!<\/p>\n\n\n\n<p><strong><a href=\"https:\/\/www.sant-adria.cat\/sant-adria-per-temes\/comunicacio\/documents\/nadal-i-reis\/programa-nadal-2025\" target=\"_blank\" rel=\"noreferrer noopener\">PROGRAMACI\u00d3<\/a><\/strong><\/p>\n","protected":false},"excerpt":{"rendered":"<p>El Nadal ja \u00e9s aqu\u00ed i arriba ple d\u2019activitats perqu\u00e8 tant grans com petits puguin gaudir d\u2019una de les \u00e8poques m\u00e9s especials de l\u2019any. Un any m\u00e9s l\u2019Ajuntament i les entitats locals han preparat un ampli ventall de propostes, combinant activitats tradicionals i d\u2019entreteniment pensades per a tota la fam\u00edlia. La trilogia de concerts de [&hellip;]<\/p>\n","protected":false},"author":2,"featured_media":9292,"comment_status":"closed","ping_status":"open","sticky":false,"template":"","format":"standard","meta":{"footnotes":""},"categories":[136],"tags":[],"class_list":{"0":"post-9291","1":"post","2":"type-post","3":"status-publish","4":"format-standard","5":"has-post-thumbnail","7":"category-cultura"},"_links":{"self":[{"href":"https:\/\/www.areabesos.com\/diario\/wp-json\/wp\/v2\/posts\/9291","targetHints":{"allow":["GET"]}}],"collection":[{"href":"https:\/\/www.areabesos.com\/diario\/wp-json\/wp\/v2\/posts"}],"about":[{"href":"https:\/\/www.areabesos.com\/diario\/wp-json\/wp\/v2\/types\/post"}],"author":[{"embeddable":true,"href":"https:\/\/www.areabesos.com\/diario\/wp-json\/wp\/v2\/users\/2"}],"replies":[{"embeddable":true,"href":"https:\/\/www.areabesos.com\/diario\/wp-json\/wp\/v2\/comments?post=9291"}],"version-history":[{"count":1,"href":"https:\/\/www.areabesos.com\/diario\/wp-json\/wp\/v2\/posts\/9291\/revisions"}],"predecessor-version":[{"id":9293,"href":"https:\/\/www.areabesos.com\/diario\/wp-json\/wp\/v2\/posts\/9291\/revisions\/9293"}],"wp:featuredmedia":[{"embeddable":true,"href":"https:\/\/www.areabesos.com\/diario\/wp-json\/wp\/v2\/media\/9292"}],"wp:attachment":[{"href":"https:\/\/www.areabesos.com\/diario\/wp-json\/wp\/v2\/media?parent=9291"}],"wp:term":[{"taxonomy":"category","embeddable":true,"href":"https:\/\/www.areabesos.com\/diario\/wp-json\/wp\/v2\/categories?post=9291"},{"taxonomy":"post_tag","embeddable":true,"href":"https:\/\/www.areabesos.com\/diario\/wp-json\/wp\/v2\/tags?post=9291"}],"curies":[{"name":"wp","href":"https:\/\/api.w.org\/{rel}","templated":true}]}}