{"id":9288,"date":"2025-12-01T12:45:37","date_gmt":"2025-12-01T11:45:37","guid":{"rendered":"https:\/\/www.areabesos.com\/diario\/?p=9288"},"modified":"2025-12-01T12:45:39","modified_gmt":"2025-12-01T11:45:39","slug":"noves-dates-dinscripcio-el-mes-de-desembre-pels-cursos-de-catala-del-cpnl","status":"publish","type":"post","link":"https:\/\/www.areabesos.com\/diario\/noves-dates-dinscripcio-el-mes-de-desembre-pels-cursos-de-catala-del-cpnl\/","title":{"rendered":"Noves dates d\u2019inscripci\u00f3 el mes de desembre pels cursos de catal\u00e0 del CPNL"},"content":{"rendered":"\n<p>El Servei Local de Catal\u00e0 de Sant Adri\u00e0 presenta una&nbsp;<strong>nova oferta<\/strong>&nbsp;de cursos&nbsp;per al&nbsp;segon&nbsp;trimestre de l\u2019any 2025 &#8211; 2026, per aprendre catal\u00e0 o per millorar el nivell de llengua catalana. Ofereix cursos de tots els nivells, des de l\u2019Inicial (A1) fins al nivell Sufici\u00e8ncia&nbsp;(C1),&nbsp;en modalitat presencial o en l\u00ednia.&nbsp;&nbsp;<\/p>\n\n\n\n<p>Tota la informaci\u00f3 sobre els cursos&nbsp;\u00e9s&nbsp;al web&nbsp;<a href=\"http:\/\/www.cpnl.cat\/santadria\" rel=\"noreferrer noopener\" target=\"_blank\">www.cpnl.cat\/santadria<\/a>&nbsp;i a les xarxes&nbsp;<a href=\"http:\/\/www.facebook.com\/CNLBadalonaSantAdria\" rel=\"noreferrer noopener\" target=\"_blank\">Facebook<\/a>,&nbsp;<a href=\"https:\/\/twitter.com\/cnlbdnsab\" rel=\"noreferrer noopener\" target=\"_blank\">X (Twitter)<\/a>&nbsp;i&nbsp;<a href=\"https:\/\/www.instagram.com\/cnlbdnsab\/\" rel=\"noreferrer noopener\" target=\"_blank\">Instagram.<\/a>&nbsp;<\/p>\n\n\n\n<p>Els cursos homologats que permeten&nbsp;<strong>obtenir un certificat<\/strong>&nbsp;equivalent al del Departament de Pol\u00edtica Ling\u00fc\u00edstica s\u00f3n els que arriben al final de cada nivell de coneixements del Marc europeu com\u00fa de refer\u00e8ncia per a les lleng\u00fces (MECR): B\u00e0sic 3 (A2), Elemental 3 (B1), Intermedi 3 (B2), Sufici\u00e8ncia 3 (C1) i Superior (C2).&nbsp;&nbsp;&nbsp;<\/p>\n\n\n\n<p>L\u2019\u00fanic requisit per poder-s&#8217;hi inscriure \u00e9s&nbsp;<strong>ser major de 18 anys, o de 16 anys<\/strong>&nbsp;si no s\u2019ha fet l\u2019escolaritzaci\u00f3 obligat\u00f2ria completa a Catalunya.&nbsp;<\/p>\n\n\n\n<p><strong>La inscripci\u00f3 t\u00e9 unes dates concretes:<\/strong>&nbsp;<\/p>\n\n\n\n<p><strong>-&gt; torn preferent<\/strong>&nbsp;(alumnes del CPNL dels darrers dotze mesos)&nbsp;<\/p>\n\n\n\n<p><strong>16 de desembre, tots els nivells<\/strong>&nbsp;&nbsp;<\/p>\n\n\n\n<p><strong>-&gt; torn general&nbsp;<\/strong>(nous alumnes)&nbsp;<\/p>\n\n\n\n<p><strong>Dimecres 17,&nbsp;dijous 18 i divendres 19:&nbsp;nivells Inicial&nbsp;i B\u00e0sic&nbsp;1<\/strong>&nbsp;<\/p>\n\n\n\n<p><strong>Dijous 18 i divendres 19 de&nbsp;desembre:&nbsp;de B\u00e0sic&nbsp;2 a Sufici\u00e8ncia&nbsp;3<\/strong>&nbsp;<\/p>\n\n\n\n<p>El CPNL obrir\u00e0 una nova convocat\u00f2ria de cursos de&nbsp;<strong>nivell Superior (C2)<\/strong>&nbsp;durant el mes de&nbsp;<strong>febrer de 2026<\/strong>.&nbsp;<\/p>\n\n\n\n<p>La inscripci\u00f3 es pot fer&nbsp;<strong>en l\u00ednia<\/strong>&nbsp;a la&nbsp;<a href=\"https:\/\/inscripcions.cpnl.cat\/\" rel=\"noreferrer noopener\" target=\"_blank\">plataforma d\u2019inscripci\u00f3<\/a>&nbsp;(de&nbsp;9 a 23.55&nbsp;hores ininterrompudament)&nbsp;o&nbsp;<strong>presencialment<\/strong>&nbsp;a l<a href=\"https:\/\/maps.app.goo.gl\/JvYfR6KxY9zP6VZv5\" rel=\"noreferrer noopener\" target=\"_blank\">\u2019oficina del Servei Local de Catal\u00e0<\/a>&nbsp;,&nbsp;que aquests dies t\u00e9 un&nbsp;horari especial:&nbsp;<\/p>\n\n\n\n<p>De dimarts&nbsp;a dijous, de 9 a 13 h i de 15.30 a 20 h&nbsp;<\/p>\n\n\n\n<p>Divendres, de 9 a 13 h&nbsp;<\/p>\n\n\n\n<p>Es pot demanar hora per fer una&nbsp;<strong>prova de nivell&nbsp;gratu\u00efta&nbsp;des d\u2019ara i fins&nbsp;a&nbsp;l\u201911 de desembre&nbsp;(incl\u00f2s)<\/strong>, a la mateixa plataforma&nbsp;<a href=\"https:\/\/breu.cpnl.cat\/nivell\" rel=\"noreferrer noopener\" target=\"_blank\">https:\/\/breu.cpnl.cat\/nivell<\/a>&nbsp;&nbsp;<\/p>\n","protected":false},"excerpt":{"rendered":"<p>El Servei Local de Catal\u00e0 de Sant Adri\u00e0 presenta una&nbsp;nova oferta&nbsp;de cursos&nbsp;per al&nbsp;segon&nbsp;trimestre de l\u2019any 2025 &#8211; 2026, per aprendre catal\u00e0 o per millorar el nivell de llengua catalana. Ofereix cursos de tots els nivells, des de l\u2019Inicial (A1) fins al nivell Sufici\u00e8ncia&nbsp;(C1),&nbsp;en modalitat presencial o en l\u00ednia.&nbsp;&nbsp; Tota la informaci\u00f3 sobre els cursos&nbsp;\u00e9s&nbsp;al web&nbsp;www.cpnl.cat\/santadria&nbsp;i [&hellip;]<\/p>\n","protected":false},"author":2,"featured_media":9289,"comment_status":"closed","ping_status":"open","sticky":false,"template":"","format":"standard","meta":{"footnotes":""},"categories":[134],"tags":[],"class_list":{"0":"post-9288","1":"post","2":"type-post","3":"status-publish","4":"format-standard","5":"has-post-thumbnail","7":"category-actualitat"},"_links":{"self":[{"href":"https:\/\/www.areabesos.com\/diario\/wp-json\/wp\/v2\/posts\/9288","targetHints":{"allow":["GET"]}}],"collection":[{"href":"https:\/\/www.areabesos.com\/diario\/wp-json\/wp\/v2\/posts"}],"about":[{"href":"https:\/\/www.areabesos.com\/diario\/wp-json\/wp\/v2\/types\/post"}],"author":[{"embeddable":true,"href":"https:\/\/www.areabesos.com\/diario\/wp-json\/wp\/v2\/users\/2"}],"replies":[{"embeddable":true,"href":"https:\/\/www.areabesos.com\/diario\/wp-json\/wp\/v2\/comments?post=9288"}],"version-history":[{"count":1,"href":"https:\/\/www.areabesos.com\/diario\/wp-json\/wp\/v2\/posts\/9288\/revisions"}],"predecessor-version":[{"id":9290,"href":"https:\/\/www.areabesos.com\/diario\/wp-json\/wp\/v2\/posts\/9288\/revisions\/9290"}],"wp:featuredmedia":[{"embeddable":true,"href":"https:\/\/www.areabesos.com\/diario\/wp-json\/wp\/v2\/media\/9289"}],"wp:attachment":[{"href":"https:\/\/www.areabesos.com\/diario\/wp-json\/wp\/v2\/media?parent=9288"}],"wp:term":[{"taxonomy":"category","embeddable":true,"href":"https:\/\/www.areabesos.com\/diario\/wp-json\/wp\/v2\/categories?post=9288"},{"taxonomy":"post_tag","embeddable":true,"href":"https:\/\/www.areabesos.com\/diario\/wp-json\/wp\/v2\/tags?post=9288"}],"curies":[{"name":"wp","href":"https:\/\/api.w.org\/{rel}","templated":true}]}}