{"id":9284,"date":"2025-12-01T12:42:41","date_gmt":"2025-12-01T11:42:41","guid":{"rendered":"https:\/\/www.areabesos.com\/diario\/?p=9284"},"modified":"2025-12-01T12:42:42","modified_gmt":"2025-12-01T11:42:42","slug":"sant-adria-commemora-el-dia-internacional-de-les-persones-amb-discapacitat","status":"publish","type":"post","link":"https:\/\/www.areabesos.com\/diario\/sant-adria-commemora-el-dia-internacional-de-les-persones-amb-discapacitat\/","title":{"rendered":"Sant Adri\u00e0 commemora el Dia Internacional de les Persones amb Discapacitat"},"content":{"rendered":"\n<p>El 3 de desembre se celebra el&nbsp;<strong>Dia Internacional de les Persones amb Discapacitat<\/strong>&nbsp;i, un any m\u00e9s, el&nbsp;<strong>Consell Municipal d\u2019Accessibilitat<\/strong>&nbsp;ha organitzat diverses activitats de sensibilitzaci\u00f3 per refor\u00e7ar el comprom\u00eds de Sant Adri\u00e0 amb una ciutat oberta i inclusiva.<\/p>\n\n\n\n<p><strong><a href=\"https:\/\/www.sant-adria.cat\/sant-adria-per-temes\/benestar-i-families\/imatges\/XS_DiaDiscapacitats.jpg\" target=\"_blank\" rel=\"noreferrer noopener\">Consulta aqu\u00ed el programa complet d\u2019activitats<\/a><\/strong><\/p>\n\n\n\n<p>Enguany, una de les accions destacades \u00e9s la nova&nbsp;<strong>pancarta commemorativa<\/strong>, que podr\u00e0 veure\u2019s el dia 3 a la fa\u00e7ana de l\u2019Ajuntament. La imatge ha estat escollida entre les diferents propostes presentades per les entitats del municipi.<\/p>\n\n\n\n<p>El disseny final \u00e9s obra d\u2019<strong>Albert Ribot Palomar<\/strong>, jove dissenyador gr\u00e0fic de 23 anys vinculat a l\u2019Escola Ntra. Sra. de l\u2019Esperan\u00e7a d\u2019ASSA a trav\u00e9s del projecte&nbsp;<strong>Comunitat d\u2019Aprenentatge<\/strong>. La seva proposta reflecteix la mirada inclusiva i el treball col\u00b7lectiu que caracteritzen aquesta iniciativa, que implica mestres, t\u00e8cnics, fam\u00edlies, associacions i persones volunt\u00e0ries en el proc\u00e9s d\u2019aprenentatge dels infants.<\/p>\n\n\n\n<p>Tamb\u00e9 volem posar en valor la feina que han fet les persones d\u2019<strong>Aprodisa<\/strong>, que van crear diferents dibuixos com a resposta a la proposta plantejada per a aquest dia. El seu talent i la seva implicaci\u00f3 han estat essencials per donar forma al proc\u00e9s creatiu d\u2019enguany.&nbsp;<\/p>\n","protected":false},"excerpt":{"rendered":"<p>El 3 de desembre se celebra el&nbsp;Dia Internacional de les Persones amb Discapacitat&nbsp;i, un any m\u00e9s, el&nbsp;Consell Municipal d\u2019Accessibilitat&nbsp;ha organitzat diverses activitats de sensibilitzaci\u00f3 per refor\u00e7ar el comprom\u00eds de Sant Adri\u00e0 amb una ciutat oberta i inclusiva. Consulta aqu\u00ed el programa complet d\u2019activitats Enguany, una de les accions destacades \u00e9s la nova&nbsp;pancarta commemorativa, que podr\u00e0 [&hellip;]<\/p>\n","protected":false},"author":2,"featured_media":9286,"comment_status":"closed","ping_status":"open","sticky":false,"template":"","format":"standard","meta":{"footnotes":""},"categories":[134],"tags":[],"class_list":{"0":"post-9284","1":"post","2":"type-post","3":"status-publish","4":"format-standard","5":"has-post-thumbnail","7":"category-actualitat"},"_links":{"self":[{"href":"https:\/\/www.areabesos.com\/diario\/wp-json\/wp\/v2\/posts\/9284","targetHints":{"allow":["GET"]}}],"collection":[{"href":"https:\/\/www.areabesos.com\/diario\/wp-json\/wp\/v2\/posts"}],"about":[{"href":"https:\/\/www.areabesos.com\/diario\/wp-json\/wp\/v2\/types\/post"}],"author":[{"embeddable":true,"href":"https:\/\/www.areabesos.com\/diario\/wp-json\/wp\/v2\/users\/2"}],"replies":[{"embeddable":true,"href":"https:\/\/www.areabesos.com\/diario\/wp-json\/wp\/v2\/comments?post=9284"}],"version-history":[{"count":1,"href":"https:\/\/www.areabesos.com\/diario\/wp-json\/wp\/v2\/posts\/9284\/revisions"}],"predecessor-version":[{"id":9287,"href":"https:\/\/www.areabesos.com\/diario\/wp-json\/wp\/v2\/posts\/9284\/revisions\/9287"}],"wp:featuredmedia":[{"embeddable":true,"href":"https:\/\/www.areabesos.com\/diario\/wp-json\/wp\/v2\/media\/9286"}],"wp:attachment":[{"href":"https:\/\/www.areabesos.com\/diario\/wp-json\/wp\/v2\/media?parent=9284"}],"wp:term":[{"taxonomy":"category","embeddable":true,"href":"https:\/\/www.areabesos.com\/diario\/wp-json\/wp\/v2\/categories?post=9284"},{"taxonomy":"post_tag","embeddable":true,"href":"https:\/\/www.areabesos.com\/diario\/wp-json\/wp\/v2\/tags?post=9284"}],"curies":[{"name":"wp","href":"https:\/\/api.w.org\/{rel}","templated":true}]}}