{"id":9280,"date":"2025-12-01T12:39:12","date_gmt":"2025-12-01T11:39:12","guid":{"rendered":"https:\/\/www.areabesos.com\/diario\/?p=9280"},"modified":"2025-12-01T12:39:13","modified_gmt":"2025-12-01T11:39:13","slug":"sant-adria-se-suma-a-la-celebracio-del-dia-dels-drets-humans","status":"publish","type":"post","link":"https:\/\/www.areabesos.com\/diario\/sant-adria-se-suma-a-la-celebracio-del-dia-dels-drets-humans\/","title":{"rendered":"Sant Adri\u00e0 se suma a la celebraci\u00f3 del Dia dels Drets Humans"},"content":{"rendered":"\n<p>El proper dimecres, 10 de desembre, a partir de les 18 hores, el Casal Dalt de la Vila acollir\u00e0 la projecci\u00f3 del documental \u00abEl viatge d&#8217;Itz\u00e0\u00bb, un acte que servir\u00e0 per celebrar el Dia dels Drets Humans. La pel\u00b7l\u00edcula tracta de la revoluci\u00f3 tra\u00efda de Nicaragua. Just a l&#8217;acabar, s&#8217;obrir\u00e0 un debat amb la protagonista Itz\u00e0 L\u00f3pez i la directora Neus R\u00e0fols.<\/p>\n\n\n\n<p>L&#8217;entrada \u00e9s lliure amb inscripci\u00f3 pr\u00e8via a trav\u00e9s d&#8217;aquest <a href=\"https:\/\/docs.google.com\/forms\/d\/e\/1FAIpQLSfn7FcVjTai7kByk1dV9AEN9J7PPXHiKoKuDQDMEslWctTmTg\/viewform?usp=publish-editor\" rel=\"noreferrer noopener\" target=\"_blank\">formulari<\/a>.&nbsp;&nbsp;&nbsp;&nbsp;&nbsp;&nbsp;&nbsp;&nbsp;&nbsp;&nbsp;&nbsp;&nbsp;&nbsp;<\/p>\n","protected":false},"excerpt":{"rendered":"<p>El proper dimecres, 10 de desembre, a partir de les 18 hores, el Casal Dalt de la Vila acollir\u00e0 la projecci\u00f3 del documental \u00abEl viatge d&#8217;Itz\u00e0\u00bb, un acte que servir\u00e0 per celebrar el Dia dels Drets Humans. La pel\u00b7l\u00edcula tracta de la revoluci\u00f3 tra\u00efda de Nicaragua. Just a l&#8217;acabar, s&#8217;obrir\u00e0 un debat amb la protagonista [&hellip;]<\/p>\n","protected":false},"author":1,"featured_media":9282,"comment_status":"closed","ping_status":"open","sticky":false,"template":"","format":"standard","meta":{"footnotes":""},"categories":[134],"tags":[],"class_list":{"0":"post-9280","1":"post","2":"type-post","3":"status-publish","4":"format-standard","5":"has-post-thumbnail","7":"category-actualitat"},"_links":{"self":[{"href":"https:\/\/www.areabesos.com\/diario\/wp-json\/wp\/v2\/posts\/9280","targetHints":{"allow":["GET"]}}],"collection":[{"href":"https:\/\/www.areabesos.com\/diario\/wp-json\/wp\/v2\/posts"}],"about":[{"href":"https:\/\/www.areabesos.com\/diario\/wp-json\/wp\/v2\/types\/post"}],"author":[{"embeddable":true,"href":"https:\/\/www.areabesos.com\/diario\/wp-json\/wp\/v2\/users\/1"}],"replies":[{"embeddable":true,"href":"https:\/\/www.areabesos.com\/diario\/wp-json\/wp\/v2\/comments?post=9280"}],"version-history":[{"count":1,"href":"https:\/\/www.areabesos.com\/diario\/wp-json\/wp\/v2\/posts\/9280\/revisions"}],"predecessor-version":[{"id":9283,"href":"https:\/\/www.areabesos.com\/diario\/wp-json\/wp\/v2\/posts\/9280\/revisions\/9283"}],"wp:featuredmedia":[{"embeddable":true,"href":"https:\/\/www.areabesos.com\/diario\/wp-json\/wp\/v2\/media\/9282"}],"wp:attachment":[{"href":"https:\/\/www.areabesos.com\/diario\/wp-json\/wp\/v2\/media?parent=9280"}],"wp:term":[{"taxonomy":"category","embeddable":true,"href":"https:\/\/www.areabesos.com\/diario\/wp-json\/wp\/v2\/categories?post=9280"},{"taxonomy":"post_tag","embeddable":true,"href":"https:\/\/www.areabesos.com\/diario\/wp-json\/wp\/v2\/tags?post=9280"}],"curies":[{"name":"wp","href":"https:\/\/api.w.org\/{rel}","templated":true}]}}