{"id":9277,"date":"2025-11-29T12:09:57","date_gmt":"2025-11-29T11:09:57","guid":{"rendered":"https:\/\/www.areabesos.com\/diario\/?p=9277"},"modified":"2025-12-01T12:24:07","modified_gmt":"2025-12-01T11:24:07","slug":"mejor-anotop-que-prostituir-la-fruta","status":"publish","type":"post","link":"https:\/\/www.areabesos.com\/diario\/mejor-anotop-que-prostituir-la-fruta\/","title":{"rendered":"Mejor \u201canotop\u201d que prostituir la fruta"},"content":{"rendered":"\n<p>A la espera de que ling\u00fcistas y psic\u00f3logos se pongan de acuerdo a la hora de redactar la sentencia sobre lo que le pudo pasar a Feijoo por la cabeza en ese instante m\u00e1gico que le llev\u00f3 a inventar \u201canotop\u201d he decidido, para evitar filtraciones, \u201ccondenar\u201d a Espa\u00f1a a no caer de nuevo en el vicio de una guerra civil, aunque no es f\u00e1cil que tanto pacifismo triunfe si tenemos en cuenta que la mayor frutera del Reino de Espa\u00f1a no para de acusar de \u201cguerra civilismo\u201d al presidente del Gobierno.<\/p>\n\n\n\n<p>Mientras espero acontecimientos, decido imitar a los millones que no paran de especular sobre si la condena sin sentencia (todav\u00eda) del fiscal general es tambi\u00e9n un lapsus colectivo y mal calculado de los cinco del Supremo y, de repente, me tropiezo con las palabras que Ayuso, la frutera que dec\u00eda, pronunci\u00f3 el 9 de noviembre de 2023, es decir, siete d\u00edas antes de la exitosa investidura de su odiado Pedro S\u00e1nchez, y vuelvo a escucharla amenazando, como en tantas ocasiones.<\/p>\n\n\n\n<p>\u201c<em>Contamos con todos los espa\u00f1oles de bien, con la Corona, con el poder judicial, con los cuerpos y fuerzas de seguridad del Estado, con las Fuerzas Armadas. Esta naci\u00f3n no se dejar\u00e1 doblegar por un pacto entre un pol\u00edtico fuera de control y unas minor\u00edas rabiosas y corruptas<\/em>\u201d.<\/p>\n\n\n\n<p>Decida usted, que est\u00e1 leyendo, si el entrecomillado de do\u00f1a Isabel solo era un \u201caviso a navegantes\u201d o, mucho m\u00e1s que una met\u00e1fora, una amenaza evidente de \u201cpodr\u00edamos organizar un golpe de Estado\u201d, por ejemplo, enviada a los 350 representantes reci\u00e9n elegidos por todos los espa\u00f1oles, los \u201cde bien\u201d del PP, pero tambi\u00e9n los mejores, para que se atuvieran a las consecuencias si una semana despu\u00e9s se atrev\u00edan a votar a un \u201cpol\u00edtico fuera de control\u201d.<\/p>\n\n\n\n<p>A los \u201cespa\u00f1oles de bien\u201d, con la que Feijoo acaba de anunciar para el 30 de noviembre ya ser\u00e1n siete las concentraciones populares convocadas contra S\u00e1nchez, con asistencias tan a la baja que han tenido que sustituir la plaza de Col\u00f3n por el Templo de Debod, un lugar donde menos gente parecer\u00e1 m\u00e1s porque la superficie a ocupar es mucho m\u00e1s peque\u00f1a.<\/p>\n\n\n\n<p>Pero Ayuso dijo tambi\u00e9n \u201cContamos (\u2026) con la Corona\u201d sabedora ella, sin duda, de que se estaba refiriendo al \u201cMando Supremo de las Fuerzas Armadas\u201d o MASUFA, por lo de abreviar, y tambi\u00e9n rey quien y, ahora es cuando viene el mayor peligro, en ning\u00fan sitio consta que acto seguido Felipe VI ordenara que advirtieran a Ayuso que dejara de proclamar que cuenta con \u00e9l para nada, y menos para alterar las voluntades de los representantes elegidos por el pueblo.<\/p>\n\n\n\n<p>No resulta extra\u00f1o que la madrile\u00f1a se atreviera, pues Felipe VI ven\u00eda de hacer el rid\u00edculo m\u00e1s espantoso al autorizar que intentara la investidura a un Feijoo que nunca cont\u00f3 con los votos necesarios para triunfar.<\/p>\n\n\n\n<p>Malos tiempos los que estamos viviendo. Quienes no mandan en el Gobierno del Reino nos proporcionan muchos m\u00e1s momentos para el miedo que para la risa, y todos sabemos en qu\u00e9 ambiente triunfa mucho mejor ese peque\u00f1o detalle de nuestra existencia al que le llamamos vida.<\/p>\n\n\n\n<p><strong>Domingo Sanz<\/strong><\/p>\n","protected":false},"excerpt":{"rendered":"<p>A la espera de que ling\u00fcistas y psic\u00f3logos se pongan de acuerdo a la hora de redactar la sentencia sobre lo que le pudo pasar a Feijoo por la cabeza en ese instante m\u00e1gico que le llev\u00f3 a inventar \u201canotop\u201d he decidido, para evitar filtraciones, \u201ccondenar\u201d a Espa\u00f1a a no caer de nuevo en el [&hellip;]<\/p>\n","protected":false},"author":2,"featured_media":9278,"comment_status":"closed","ping_status":"open","sticky":false,"template":"","format":"standard","meta":{"footnotes":""},"categories":[139],"tags":[],"class_list":{"0":"post-9277","1":"post","2":"type-post","3":"status-publish","4":"format-standard","5":"has-post-thumbnail","7":"category-opinio"},"_links":{"self":[{"href":"https:\/\/www.areabesos.com\/diario\/wp-json\/wp\/v2\/posts\/9277","targetHints":{"allow":["GET"]}}],"collection":[{"href":"https:\/\/www.areabesos.com\/diario\/wp-json\/wp\/v2\/posts"}],"about":[{"href":"https:\/\/www.areabesos.com\/diario\/wp-json\/wp\/v2\/types\/post"}],"author":[{"embeddable":true,"href":"https:\/\/www.areabesos.com\/diario\/wp-json\/wp\/v2\/users\/2"}],"replies":[{"embeddable":true,"href":"https:\/\/www.areabesos.com\/diario\/wp-json\/wp\/v2\/comments?post=9277"}],"version-history":[{"count":1,"href":"https:\/\/www.areabesos.com\/diario\/wp-json\/wp\/v2\/posts\/9277\/revisions"}],"predecessor-version":[{"id":9279,"href":"https:\/\/www.areabesos.com\/diario\/wp-json\/wp\/v2\/posts\/9277\/revisions\/9279"}],"wp:featuredmedia":[{"embeddable":true,"href":"https:\/\/www.areabesos.com\/diario\/wp-json\/wp\/v2\/media\/9278"}],"wp:attachment":[{"href":"https:\/\/www.areabesos.com\/diario\/wp-json\/wp\/v2\/media?parent=9277"}],"wp:term":[{"taxonomy":"category","embeddable":true,"href":"https:\/\/www.areabesos.com\/diario\/wp-json\/wp\/v2\/categories?post=9277"},{"taxonomy":"post_tag","embeddable":true,"href":"https:\/\/www.areabesos.com\/diario\/wp-json\/wp\/v2\/tags?post=9277"}],"curies":[{"name":"wp","href":"https:\/\/api.w.org\/{rel}","templated":true}]}}