{"id":9264,"date":"2025-11-28T12:46:29","date_gmt":"2025-11-28T11:46:29","guid":{"rendered":"https:\/\/www.areabesos.com\/diario\/?p=9264"},"modified":"2025-12-04T10:19:53","modified_gmt":"2025-12-04T09:19:53","slug":"audiencia-publica-el-futur-pren-forma-transformem-sant-adria","status":"publish","type":"post","link":"https:\/\/www.areabesos.com\/diario\/audiencia-publica-el-futur-pren-forma-transformem-sant-adria\/","title":{"rendered":"Audi\u00e8ncia p\u00fablica: \u201cEl futur pren forma: transformem Sant Adri\u00e0\u00bb"},"content":{"rendered":"\n<p>El proper&nbsp;<strong>dijous 11 de desembre<\/strong>&nbsp;tindr\u00e0 lloc l\u2019audi\u00e8ncia p\u00fablica&nbsp;<strong>\u00abEl futur pren forma: transformem Sant Adri\u00e0\u00bb<\/strong>, un espai obert a la ciutadania per con\u00e8ixer de primera m\u00e0 els projectes que impulsaran&nbsp;<strong>una de les transformacions urban\u00edstiques m\u00e9s rellevants&nbsp;<\/strong>de la hist\u00f2ria de Sant Adri\u00e0 de Bes\u00f2s&nbsp;i del conjunt del&nbsp;territori del Bes\u00f2s. L\u2019acte se celebrar\u00e0 a la&nbsp;sala de plens de l\u2019Ajuntament, a les&nbsp;18 h.<\/p>\n\n\n\n<p>L&#8217;audi\u00e8ncia anir\u00e0 a c\u00e0rrec de l&#8217;alcaldessa,&nbsp;<strong>Filo Ca\u00f1ete<\/strong>, que presentar\u00e0 el conjunt d&#8217;iniciatives que s&#8217;estan desenvolupant i planificant al municipi, amb l&#8217;objectiu de&nbsp;<strong>construir un model de ciutat cohesionada, inclusiva i sostenible<\/strong>, que doni resposta als reptes de futur i millori la qualitat de vida de la ciutadania.<\/p>\n\n\n\n<h3 class=\"wp-block-heading\"><strong>Projectes i l\u00ednies estrat\u00e8giques del nou model de ciutat<\/strong><\/h3>\n\n\n\n<p class=\" \">A l&#8217;audi\u00e8ncia es donaran a con\u00e8ixer els eixos estrat\u00e8gics que articulen el nou model de ciutat i els projectes clau que convertiran&nbsp;<strong>Sant Adri\u00e0 de Bes\u00f2s en un motor de canvi del territori<\/strong>&nbsp;del Bes\u00f2s.<strong>&nbsp;<\/strong>Aquest ventall d\u2019actuacions impulsaran la transformaci\u00f3 m\u00e9s significativa de Sant<strong>&nbsp;<\/strong>Adri\u00e0<strong>&nbsp;<\/strong>des del F\u00f2rum 2004, situant la ciutat i el seu entorn com una nova \u00e0rea de centralitat i un referent en desenvolupament urb\u00e0 i econ\u00f2mic de Catalunya.<\/p>\n\n\n\n<p class=\" \"><strong>TRES EIXOS ESTRAT\u00c8GICS<\/strong><\/p>\n\n\n\n<p><strong>1-Triangle de la Innovaci\u00f3:<\/strong><\/p>\n\n\n\n<ul class=\"wp-block-list\">\n<li>Hub de l\u2019energia i de l\u2019enginyeria : Campus Diagonal-Bes\u00f2s<\/li>\n\n\n\n<li>Hub digital, audiovisual i del disseny: Catalunya Media City i Inditex<\/li>\n\n\n\n<li>Hub productiu: Pol\u00edgon Verneda-Montsol\u00eds<\/li>\n<\/ul>\n\n\n\n<p><strong>2- Pla d\u2019actuacions integrades \u00abImpuls Bes\u00f2s\u00bb<\/strong><\/p>\n\n\n\n<ul class=\"wp-block-list\">\n<li>Eix c\u00edvic: Millora del tra\u00e7at actual de la C31 i horitz\u00f3 futur de transformaci\u00f3 seq\u00fcencial de l\u2019autopista cap a una gran avinguda metropolitana<\/li>\n\n\n\n<li>Eix hist\u00f2ric: Reurbanitzaci\u00f3 de l\u2019antiga carretera nacional i de l\u2019 av. Pi i Margall i rehabilitaci\u00f3 de Can Rigalt com a futur equipament metropolit\u00e0<\/li>\n\n\n\n<li>Eix blau: Renaturalitzaci\u00f3 del tram Pollancreda &#8211; Pont dels Passadors<\/li>\n<\/ul>\n\n\n\n<p><strong>3- Anella Verda<\/strong><\/p>\n\n\n\n<ul class=\"wp-block-list\">\n<li>Un gran corredor verd estructurar\u00e0 la ciutat i connectar\u00e0 diferents espais clau)<\/li>\n\n\n\n<li>ReviuBes\u00f2s:<strong>\u00a0<\/strong>projecte que permetr\u00e0 renaturalitzar el delta del Bes\u00f2s, reorganitzar els recorreguts per a vianants i bicicletes i recuperar la desembocadura del riu com a connector ecol\u00f2gic<\/li>\n<\/ul>\n\n\n\n<p><strong>SIS PROJECTES TRACTORS<\/strong><\/p>\n\n\n\n<ul class=\"wp-block-list\">\n<li>Campus Diagonal-Bes\u00f2s<\/li>\n\n\n\n<li>Pla Mina Futur 2025-2030<\/li>\n\n\n\n<li>Operaci\u00f3 Inditex<\/li>\n\n\n\n<li>Tres Xemeneies i Catalunya Media City<\/li>\n\n\n\n<li>Can Rigalt<\/li>\n\n\n\n<li>F\u00e0brica de Cartr\u00f3<\/li>\n<\/ul>\n\n\n\n<h3 class=\"wp-block-heading\"><strong>Proc\u00e9s participatiu<\/strong><\/h3>\n\n\n\n<p class=\" \"><strong>Fins<\/strong><strong>&nbsp;al 8 de desembre<\/strong>&nbsp;es podran&nbsp;<strong><a href=\"https:\/\/participa311-santadria.diba.cat\/processes\/Audiencia2025\" target=\"_blank\" rel=\"noreferrer noopener\">formular preguntes<\/a><\/strong>&nbsp;digitalmentadre\u00e7ades a l&#8217;equip de govern.<\/p>\n\n\n\n<p>Durant la sessi\u00f3 de l&#8217;audi\u00e8ncia, un cop acabada l&#8217;exposici\u00f3 dels temes, l&#8217;alcaldessa donar\u00e0 resposta a les preguntes que la ciutadania hagi enviat pr\u00e8viament a trav\u00e9s de la Plataforma Decidim i tamb\u00e9 a les q\u00fcestions que facin les persones que hi assisteixin presencialment.<\/p>\n\n\n\n<p>El v\u00eddeo de l&#8217;audi\u00e8ncia estar\u00e0 disponible a partir del&nbsp;<strong>15 de desembre.<\/strong><\/p>\n\n\n\n<p>Les&nbsp;preguntes formulades digitalment&nbsp;i les&nbsp;recollides durant la sessi\u00f3&nbsp;es publicaran&nbsp;<strong>a partir del&nbsp;<\/strong><strong>18 de desembre<\/strong>, amb la indicaci\u00f3 del&nbsp;minut del v\u00eddeo&nbsp;en qu\u00e8 es va donar resposta.<\/p>\n","protected":false},"excerpt":{"rendered":"<p>El proper&nbsp;dijous 11 de desembre&nbsp;tindr\u00e0 lloc l\u2019audi\u00e8ncia p\u00fablica&nbsp;\u00abEl futur pren forma: transformem Sant Adri\u00e0\u00bb, un espai obert a la ciutadania per con\u00e8ixer de primera m\u00e0 els projectes que impulsaran&nbsp;una de les transformacions urban\u00edstiques m\u00e9s rellevants&nbsp;de la hist\u00f2ria de Sant Adri\u00e0 de Bes\u00f2s&nbsp;i del conjunt del&nbsp;territori del Bes\u00f2s. L\u2019acte se celebrar\u00e0 a la&nbsp;sala de plens de [&hellip;]<\/p>\n","protected":false},"author":1,"featured_media":9265,"comment_status":"closed","ping_status":"open","sticky":false,"template":"","format":"standard","meta":{"footnotes":""},"categories":[134],"tags":[],"class_list":{"0":"post-9264","1":"post","2":"type-post","3":"status-publish","4":"format-standard","5":"has-post-thumbnail","7":"category-actualitat"},"_links":{"self":[{"href":"https:\/\/www.areabesos.com\/diario\/wp-json\/wp\/v2\/posts\/9264","targetHints":{"allow":["GET"]}}],"collection":[{"href":"https:\/\/www.areabesos.com\/diario\/wp-json\/wp\/v2\/posts"}],"about":[{"href":"https:\/\/www.areabesos.com\/diario\/wp-json\/wp\/v2\/types\/post"}],"author":[{"embeddable":true,"href":"https:\/\/www.areabesos.com\/diario\/wp-json\/wp\/v2\/users\/1"}],"replies":[{"embeddable":true,"href":"https:\/\/www.areabesos.com\/diario\/wp-json\/wp\/v2\/comments?post=9264"}],"version-history":[{"count":2,"href":"https:\/\/www.areabesos.com\/diario\/wp-json\/wp\/v2\/posts\/9264\/revisions"}],"predecessor-version":[{"id":9298,"href":"https:\/\/www.areabesos.com\/diario\/wp-json\/wp\/v2\/posts\/9264\/revisions\/9298"}],"wp:featuredmedia":[{"embeddable":true,"href":"https:\/\/www.areabesos.com\/diario\/wp-json\/wp\/v2\/media\/9265"}],"wp:attachment":[{"href":"https:\/\/www.areabesos.com\/diario\/wp-json\/wp\/v2\/media?parent=9264"}],"wp:term":[{"taxonomy":"category","embeddable":true,"href":"https:\/\/www.areabesos.com\/diario\/wp-json\/wp\/v2\/categories?post=9264"},{"taxonomy":"post_tag","embeddable":true,"href":"https:\/\/www.areabesos.com\/diario\/wp-json\/wp\/v2\/tags?post=9264"}],"curies":[{"name":"wp","href":"https:\/\/api.w.org\/{rel}","templated":true}]}}