{"id":9259,"date":"2025-11-27T11:25:06","date_gmt":"2025-11-27T10:25:06","guid":{"rendered":"https:\/\/www.areabesos.com\/diario\/?p=9259"},"modified":"2025-11-27T11:26:33","modified_gmt":"2025-11-27T10:26:33","slug":"erc-sant-adria-rebutja-uns-pressupostos-sense-ambicio","status":"publish","type":"post","link":"https:\/\/www.areabesos.com\/diario\/erc-sant-adria-rebutja-uns-pressupostos-sense-ambicio\/","title":{"rendered":"ERC Sant Adri\u00e0 rebutja uns pressupostos \u00absense ambici\u00f3\u00bb"},"content":{"rendered":"\n<p>El grup municipal d\u2019Esquerra Republicana de Catalunya va votar en contra dels pressupostos municipals per al 2026, presentats al ple del mes de novembre, argumentant que el projecte ni respon a les necessitats reals de Sant Adri\u00e0, ni compleix els compromisos pol\u00edtics adquirits, ni t\u00e9 l\u2019ambici\u00f3 que la ciutat necessita per avan\u00e7ar.<\/p>\n\n\n\n<p>El portaveu republic\u00e0, Rub\u00e8n Arenas, va assenyalar que en tres anys s\u2019ha acumulat gaireb\u00e9 un 10% d\u2019increment de l\u2019IBI sense una millora visible dels serveis p\u00fablics, i va remarcar que la ciutat \u201ccontinua bruta, amb equipaments tancats i sense inversions transformadores\u201d.<\/p>\n\n\n\n<p>ERC denuncia que m\u00e9s del 37% del pressupost dep\u00e8n de transfer\u00e8ncies d\u2019altres administracions, una situaci\u00f3 que \u201cresta autonomia pol\u00edtica i limita la capacitat de decidir sobre el futur de la ciutat\u201d.<\/p>\n\n\n\n<p>A m\u00e9s, el grup republic\u00e0 va criticar que es redueixin partides essencials com participaci\u00f3 ciutadana, foment de l\u2019esport o gent gran. \u201c\u00c9s un pressupost que paga factures per\u00f2 no canvia res\u201d, va resumir el portaveu, tot reclamant una aposta clara per l\u2019habitatge, la modernitzaci\u00f3 de l\u2019administraci\u00f3 i la transpar\u00e8ncia.<\/p>\n\n\n\n<p>ERC va tancar la seva intervenci\u00f3 reclamant \u201cuna nova manera de governar, que escolti, planifiqui i compleixi la paraula donada\u201d, i reiterant que la seva oposici\u00f3 \u00e9s \u201cconstructiva, rigorosa i al servei d\u2019una ciutat m\u00e9s viva, justa i orgullosa de si mateixa\u201d.<\/p>\n\n\n\n<h3 class=\"wp-block-heading\"><a><\/a><strong>Moci\u00f3 per recuperar el patrimoni hist\u00f2ric de la ciutat<\/strong><\/h3>\n\n\n\n<p>En paral\u00b7lel al debat pressupostari, ERC va presentar, conjuntament amb Sant Adri\u00e0 en Com\u00fa, una moci\u00f3 per a la identificaci\u00f3, protecci\u00f3 i recuperaci\u00f3 dels elements hist\u00f2rics de l\u2019espai p\u00fablic, amb l\u2019objectiu de preservar el patrimoni urb\u00e0, les restes materials de la mem\u00f2ria col\u00b7lectiva i refor\u00e7ar la identitat de ciutat.<\/p>\n\n\n\n<p>La proposta inclou la creaci\u00f3 d\u2019un inventari municipal, un protocol de conservaci\u00f3 i la incorporaci\u00f3 d\u2019aquest treball a les pol\u00edtiques de mem\u00f2ria democr\u00e0tica i educaci\u00f3 patrimonial.<\/p>\n\n\n\n<p>Els republicans van recordar que la mem\u00f2ria tamb\u00e9 \u00e9s una forma de dignificar la ciutat: \u201cQuan cuidem all\u00f2 que ens fa singulars, enfortim l\u2019orgull de ciutat i evitem convertir-nos en una ciutat dormitori.\u201d va dir la regidora Toni Hern\u00e1ndez.<\/p>\n\n\n\n<h3 class=\"wp-block-heading\"><a><\/a><strong>Precs i preguntes: civisme, neteja i mem\u00f2ria hist\u00f2rica<\/strong><\/h3>\n\n\n\n<p>En l\u2019apartat de precs i preguntes, ERC va posar l\u2019accent en diverses q\u00fcestions de civisme i salut p\u00fablica:<\/p>\n\n\n\n<ul class=\"wp-block-list\">\n<li>Va demanar una actuaci\u00f3 de neteja i dignificaci\u00f3 de l\u2019entorn de l\u2019arc de Sant Adri\u00e0 on s\u2019han col\u00b7locat les noves lletres corp\u00f2ries amb el nom de la ciutat.<\/li>\n\n\n\n<li>Va reclamar que abans de qualsevol actuaci\u00f3 de neteja s\u2019hi actu\u00ef en l\u2019\u00e0mbit de salut p\u00fablica, per evitar riscos per a treballadors i ve\u00efns.<\/li>\n\n\n\n<li>Va demanar que les campanyes de civisme, com la que es fa sobre voluminosos, es difonguin en catal\u00e0.<\/li>\n<\/ul>\n\n\n\n<p>I va preguntar per l\u2019estat d\u2019execuci\u00f3 de la seva moci\u00f3 sobre el patrimoni de l\u2019antiga carretera de Barcelona, demanant tamb\u00e9 formar part de les comissions de mem\u00f2ria per garantir-ne el seguiment.<\/p>\n\n\n\n<p><strong>ERC SAB<br><\/strong><\/p>\n","protected":false},"excerpt":{"rendered":"<p>El grup municipal d\u2019Esquerra Republicana de Catalunya va votar en contra dels pressupostos municipals per al 2026, presentats al ple del mes de novembre, argumentant que el projecte ni respon a les necessitats reals de Sant Adri\u00e0, ni compleix els compromisos pol\u00edtics adquirits, ni t\u00e9 l\u2019ambici\u00f3 que la ciutat necessita per avan\u00e7ar. El portaveu republic\u00e0, [&hellip;]<\/p>\n","protected":false},"author":2,"featured_media":9021,"comment_status":"closed","ping_status":"open","sticky":false,"template":"","format":"standard","meta":{"footnotes":""},"categories":[134],"tags":[],"class_list":{"0":"post-9259","1":"post","2":"type-post","3":"status-publish","4":"format-standard","5":"has-post-thumbnail","7":"category-actualitat"},"_links":{"self":[{"href":"https:\/\/www.areabesos.com\/diario\/wp-json\/wp\/v2\/posts\/9259","targetHints":{"allow":["GET"]}}],"collection":[{"href":"https:\/\/www.areabesos.com\/diario\/wp-json\/wp\/v2\/posts"}],"about":[{"href":"https:\/\/www.areabesos.com\/diario\/wp-json\/wp\/v2\/types\/post"}],"author":[{"embeddable":true,"href":"https:\/\/www.areabesos.com\/diario\/wp-json\/wp\/v2\/users\/2"}],"replies":[{"embeddable":true,"href":"https:\/\/www.areabesos.com\/diario\/wp-json\/wp\/v2\/comments?post=9259"}],"version-history":[{"count":3,"href":"https:\/\/www.areabesos.com\/diario\/wp-json\/wp\/v2\/posts\/9259\/revisions"}],"predecessor-version":[{"id":9263,"href":"https:\/\/www.areabesos.com\/diario\/wp-json\/wp\/v2\/posts\/9259\/revisions\/9263"}],"wp:featuredmedia":[{"embeddable":true,"href":"https:\/\/www.areabesos.com\/diario\/wp-json\/wp\/v2\/media\/9021"}],"wp:attachment":[{"href":"https:\/\/www.areabesos.com\/diario\/wp-json\/wp\/v2\/media?parent=9259"}],"wp:term":[{"taxonomy":"category","embeddable":true,"href":"https:\/\/www.areabesos.com\/diario\/wp-json\/wp\/v2\/categories?post=9259"},{"taxonomy":"post_tag","embeddable":true,"href":"https:\/\/www.areabesos.com\/diario\/wp-json\/wp\/v2\/tags?post=9259"}],"curies":[{"name":"wp","href":"https:\/\/api.w.org\/{rel}","templated":true}]}}