{"id":9257,"date":"2025-11-27T10:16:27","date_gmt":"2025-11-27T09:16:27","guid":{"rendered":"https:\/\/www.areabesos.com\/diario\/?p=9257"},"modified":"2025-11-27T10:16:28","modified_gmt":"2025-11-27T09:16:28","slug":"el-pressupost-2026-consolida-un-model-de-ciutat-centrat-en-les-persones","status":"publish","type":"post","link":"https:\/\/www.areabesos.com\/diario\/el-pressupost-2026-consolida-un-model-de-ciutat-centrat-en-les-persones\/","title":{"rendered":"El pressupost 2026 consolida un model de ciutat centrat en les persones"},"content":{"rendered":"\n<p>El pressupost municipal de 2026 es va aprovar en la sessi\u00f3 ordin\u00e0ria del ple celebrada el 24 de novembre amb el vot favorable del PSC i del regidor no adscrit, Marcos Mart\u00edn, l\u2019abstenci\u00f3 de SAeC i el vot en contra d\u2019ERC, PP i VOX.<\/p>\n\n\n\n<p>L\u2019import global \u00e9s de 54.818.469 \u20ac, fet que suposa un increment del 7,73% (+4.241.000 \u20ac) respecte al pressupost del 2025 (50.577.467 \u20ac).<\/p>\n\n\n\n<p>El regidor de Serveis Generals, Hugo Ferrer, va definir el pressupost com <em>\u00abambici\u00f3s i optimista, que busca donar resposta al Pla d\u2019Acci\u00f3 Municipal (PAM) aprovat per aquest mandat, consolida un model de ciutat que posa les persones en el centre de l\u2019acci\u00f3 de govern i impulsa la transformaci\u00f3 de Sant Adri\u00e0\u00bb<\/em>.<\/p>\n\n\n\n<p>El pressupost es basa en tres eixos principals: els serveis a la ciutadania, la millora de l\u2019espai p\u00fablic i la seguretat.<\/p>\n\n\n\n<p>Increments principals: serveis a les persones, espai p\u00fablic i seguretat<\/p>\n\n\n\n<p>Serveis a les persones<\/p>\n\n\n\n<p>Serveis Socials<br>\u2022 +100.000 \u20ac en el Servei d\u2019Atenci\u00f3 Domicili\u00e0ria (SAD) i en el servei de teleassist\u00e8ncia, per refor\u00e7ar l\u2019atenci\u00f3 social i garantir un servei de qualitat.<\/p>\n\n\n\n<p>Cultura i festes<br>\u2022 +125.000 \u20ac en la gesti\u00f3 dels equipaments culturals per millorar programacions, manteniment i dinamitzaci\u00f3 d\u2019espais.<br>\u2022 +125.000 \u20ac destinats a la propera Festa Major.<br>\u2022 +80.000 \u20ac per a la Cavalcada de Reis, amb l\u2019objectiu de garantir un esdeveniment de qualitat.<\/p>\n\n\n\n<p>Educaci\u00f3<br>\u2022 +100.000 \u20ac per afrontar l\u2019augment de beques educatives i mantenir totes les activitats i programes educatius municipals.<\/p>\n\n\n\n<p>Manteniment dels equipaments municipals<br>\u2022 +150.000 \u20ac per al manteniment d\u2019edificis municipals.<br>\u2022 +35.000 \u20ac per a una terminal d\u2019autoservei per a l\u2019OAC, que s\u2019afegeix a altres actuacions de renovaci\u00f3 de la planta baixa de l\u2019Ajuntament.<\/p>\n\n\n\n<p>Altres actuacions<br>\u2022 Millores al sal\u00f3 infantil i juvenil Adrilandia i a l\u2019Aula ambiental per refor\u00e7ar activitats l\u00fadiques i de sensibilitzaci\u00f3.<\/p>\n\n\n\n<p>Neteja i manteniment de l\u2019espai p\u00fablic<\/p>\n\n\n\n<p>\u2022 +800.000 \u20ac per a nova maquin\u00e0ria de neteja.<br>\u2022 +300.000 \u20ac en el nou contracte d\u2019arranjaments de carrers.<br>\u2022 +120.000 \u20ac en el nou contracte de jardineria.<br>\u2022 Adquisici\u00f3 d\u2019un carro elevador per a la brigada municipal (valorat en m\u00e9s de 50.000 \u20ac).<br>\u2022 40.000 \u20ac per millorar les connexions el\u00e8ctriques de la via p\u00fablica a la pl. de l\u2019Esgl\u00e9sia i la pl. Maria \u00c0ngels Rossell.<\/p>\n\n\n\n<p>Seguretat<\/p>\n\n\n\n<p>\u2022 Dotacions espec\u00edfiques per a Protecci\u00f3 Civil i la Policia Local, per garantir les millors condicions i equipaments.<br>\u2022 Impuls, conjuntament amb la Diputaci\u00f3, d\u2019un projecte global de videovigil\u00e0ncia que abastar\u00e0 tota la ciutat.<\/p>\n\n\n\n<p>Inversions: la col\u00b7laboraci\u00f3 supramunicipal i privada impulsa la transformaci\u00f3 de Sant Adri\u00e0<\/p>\n\n\n\n<p>La partida d\u2019inversions municipals ser\u00e0 similar a la del pressupost de l\u2019any passat (650.000 \u20ac).<\/p>\n\n\n\n<p>Entre les actuacions principals destaquen:<\/p>\n\n\n\n<p><br>\u2022 <strong>Passera de la Catalana<\/strong> \u2013 Sant Joan Baptista.<br>\u2022 Inici del projecte Bes\u00f2s Reviu per renaturalitzar la desembocadura del riu com a&nbsp; connector ecol\u00f2gic.<br>\u2022 <strong>Inversions en instal\u00b7lacions esportives <\/strong>(sala t\u00e8cnica de la pista del carrer Major i renovaci\u00f3 del terra dels vestidors del CEM Bes\u00f2s).<br>\u2022 Nous <strong>m\u00f2duls per als socorristes<\/strong> a les platges.<br>\u2022 Millores a l\u2019estudi de gravaci\u00f3 del <strong>Centre Polidor.<br>\u2022 <\/strong>Millores<strong> als parcs infantils.<\/strong><\/p>\n\n\n\n<p>A aquesta inversi\u00f3 municipal s\u2019hi suma la inversi\u00f3 supramunicipal i privada que permetr\u00e0 tirar endavant els projectes m\u00e9s estrat\u00e8gics per a la ciutat, com ara:<\/p>\n\n\n\n<p><strong><br>\u2022 Catalunya Media City i desenvolupament de la darrera fase de la UPC al front litoral.<br>\u2022 Pla de transformaci\u00f3 de la Mina 2025-2030.<br>\u2022 <\/strong>Execuci\u00f3de<strong> l\u2019\u00faltim tram de Bogatell.<br>\u2022 Renovaci\u00f3 de la pl. 25 d\u2019Octubre.<br>\u2022 Noves \u00e0rees de gossos.<br>\u2022<\/strong> Millores als <strong>parcs infantils.<br>\u2022 Projecte d\u2019aigua fre\u00e0tica, <\/strong>clauper a l\u2019adaptaci\u00f3 al canvi clim\u00e0tic.<strong><br>\u2022 Actuacions a la desembocadura del Bes\u00f2s i a l\u2019\u00e0mbit de la Nacional II-Pollancreda amb fons FEDER.<br>\u2022 Campus Inditex.<\/strong><\/p>\n\n\n\n<p>Aquest impuls inversor \u00e9s possible gr\u00e0cies al treball constant de coordinaci\u00f3 i col\u00b7laboraci\u00f3 que l\u2019Ajuntament mant\u00e9 amb altres administracions i agents privats. Aquesta cooperaci\u00f3 permet multiplicar l\u2019impacte de la inversi\u00f3 municipal i accelerar transformacions que, altrament, serien inassolibles, nom\u00e9s amb el pressupost municipal.<\/p>\n","protected":false},"excerpt":{"rendered":"<p>El pressupost municipal de 2026 es va aprovar en la sessi\u00f3 ordin\u00e0ria del ple celebrada el 24 de novembre amb el vot favorable del PSC i del regidor no adscrit, Marcos Mart\u00edn, l\u2019abstenci\u00f3 de SAeC i el vot en contra d\u2019ERC, PP i VOX. L\u2019import global \u00e9s de 54.818.469 \u20ac, fet que suposa un increment [&hellip;]<\/p>\n","protected":false},"author":1,"featured_media":8406,"comment_status":"closed","ping_status":"open","sticky":false,"template":"","format":"standard","meta":{"footnotes":""},"categories":[134],"tags":[],"class_list":{"0":"post-9257","1":"post","2":"type-post","3":"status-publish","4":"format-standard","5":"has-post-thumbnail","7":"category-actualitat"},"_links":{"self":[{"href":"https:\/\/www.areabesos.com\/diario\/wp-json\/wp\/v2\/posts\/9257","targetHints":{"allow":["GET"]}}],"collection":[{"href":"https:\/\/www.areabesos.com\/diario\/wp-json\/wp\/v2\/posts"}],"about":[{"href":"https:\/\/www.areabesos.com\/diario\/wp-json\/wp\/v2\/types\/post"}],"author":[{"embeddable":true,"href":"https:\/\/www.areabesos.com\/diario\/wp-json\/wp\/v2\/users\/1"}],"replies":[{"embeddable":true,"href":"https:\/\/www.areabesos.com\/diario\/wp-json\/wp\/v2\/comments?post=9257"}],"version-history":[{"count":1,"href":"https:\/\/www.areabesos.com\/diario\/wp-json\/wp\/v2\/posts\/9257\/revisions"}],"predecessor-version":[{"id":9258,"href":"https:\/\/www.areabesos.com\/diario\/wp-json\/wp\/v2\/posts\/9257\/revisions\/9258"}],"wp:featuredmedia":[{"embeddable":true,"href":"https:\/\/www.areabesos.com\/diario\/wp-json\/wp\/v2\/media\/8406"}],"wp:attachment":[{"href":"https:\/\/www.areabesos.com\/diario\/wp-json\/wp\/v2\/media?parent=9257"}],"wp:term":[{"taxonomy":"category","embeddable":true,"href":"https:\/\/www.areabesos.com\/diario\/wp-json\/wp\/v2\/categories?post=9257"},{"taxonomy":"post_tag","embeddable":true,"href":"https:\/\/www.areabesos.com\/diario\/wp-json\/wp\/v2\/tags?post=9257"}],"curies":[{"name":"wp","href":"https:\/\/api.w.org\/{rel}","templated":true}]}}