{"id":9249,"date":"2025-11-25T10:54:35","date_gmt":"2025-11-25T09:54:35","guid":{"rendered":"https:\/\/www.areabesos.com\/diario\/?p=9249"},"modified":"2025-11-26T11:08:04","modified_gmt":"2025-11-26T10:08:04","slug":"la-policia-local-de-sant-adria-se-manifiesta-por-un-clima-laboral-insostenible","status":"publish","type":"post","link":"https:\/\/www.areabesos.com\/diario\/la-policia-local-de-sant-adria-se-manifiesta-por-un-clima-laboral-insostenible\/","title":{"rendered":"La Polic\u00eda Local de Sant Adri\u00e0 se manifiesta por un \u00abclima laboral insostenible\u00bb"},"content":{"rendered":"\n<p>Este pasado lunes, antes de comenzar el pleno municipal, decenas de agentes de la Polic\u00eda Local de Sant Adri\u00e0 de Bes\u00f2s comenzaron una manifestaci\u00f3n en la plaza de la Iglesia y avanzaron hasta la plaza de la Vila, para protestar ante lo que ellos llaman \u00abun clima laboral insostenible\u00bb al que se llevan enfrentando desde hace casi un a\u00f1o. A las puertas del consistorio leyeron un comunicado en el que denunciaban un ambiente de trabajo marcado por los \u00ababusos de poder\u00bb del jefe de polic\u00eda con la connivencia del gobierno municipal, al que acudieron en su momento para denunciar la situaci\u00f3n y que, seg\u00fan su criterio, permiti\u00f3 que se siguiera con este modelo de abusos que ha derivado en bajas laborales, castigos disciplinarios y una seguridad ciudadana resentida, bajo su punto de vista. Lo \u00fanico que piden es di\u00e1logo y fin de los castigos. Desde el gobierno municipal se tiende la mano a sentarse a dialogar, pero no en la calle, sino en los espacios adecuados. <\/p>\n\n\n\n<p>Algunos partidos de la oposici\u00f3n ya se han manifestado de parte de los polic\u00edas. As\u00ed lo ha hecho Vox, que en un comunicado ha exigido a la alcaldesa, Filo Ca\u00f1ete, \u00abque ponga fin al conflicto con la Polic\u00eda Local y garantice la seguridad en las calles\u00bb, adem\u00e1s de reclamar \u00abun acuerdo inmediato que atienda sus reivindicaciones y permita recuperar la normalidad en materia de seguridad ciudadana\u00bb. El portavoz de VOX en el consistorio,\u00a0Antonio Balboa, ha reiterado el apoyo de VOX a las demandas de la Polic\u00eda Local: \u00abLos agentes solo est\u00e1n reclamando condiciones dignas, medios suficientes y una organizaci\u00f3n eficaz que les permita trabajar con garant\u00edas. Es urgente que la alcaldesa deje de mirar hacia otro lado y alcance ya un acuerdo que satisfaga a nuestros polic\u00edas\u00bb, a\u00f1adi\u00f3.<\/p>\n","protected":false},"excerpt":{"rendered":"<p>Este pasado lunes, antes de comenzar el pleno municipal, decenas de agentes de la Polic\u00eda Local de Sant Adri\u00e0 de Bes\u00f2s comenzaron una manifestaci\u00f3n en la plaza de la Iglesia y avanzaron hasta la plaza de la Vila, para protestar ante lo que ellos llaman \u00abun clima laboral insostenible\u00bb al que se llevan enfrentando desde [&hellip;]<\/p>\n","protected":false},"author":2,"featured_media":9250,"comment_status":"closed","ping_status":"open","sticky":false,"template":"","format":"standard","meta":{"footnotes":""},"categories":[134],"tags":[],"class_list":{"0":"post-9249","1":"post","2":"type-post","3":"status-publish","4":"format-standard","5":"has-post-thumbnail","7":"category-actualitat"},"_links":{"self":[{"href":"https:\/\/www.areabesos.com\/diario\/wp-json\/wp\/v2\/posts\/9249","targetHints":{"allow":["GET"]}}],"collection":[{"href":"https:\/\/www.areabesos.com\/diario\/wp-json\/wp\/v2\/posts"}],"about":[{"href":"https:\/\/www.areabesos.com\/diario\/wp-json\/wp\/v2\/types\/post"}],"author":[{"embeddable":true,"href":"https:\/\/www.areabesos.com\/diario\/wp-json\/wp\/v2\/users\/2"}],"replies":[{"embeddable":true,"href":"https:\/\/www.areabesos.com\/diario\/wp-json\/wp\/v2\/comments?post=9249"}],"version-history":[{"count":1,"href":"https:\/\/www.areabesos.com\/diario\/wp-json\/wp\/v2\/posts\/9249\/revisions"}],"predecessor-version":[{"id":9251,"href":"https:\/\/www.areabesos.com\/diario\/wp-json\/wp\/v2\/posts\/9249\/revisions\/9251"}],"wp:featuredmedia":[{"embeddable":true,"href":"https:\/\/www.areabesos.com\/diario\/wp-json\/wp\/v2\/media\/9250"}],"wp:attachment":[{"href":"https:\/\/www.areabesos.com\/diario\/wp-json\/wp\/v2\/media?parent=9249"}],"wp:term":[{"taxonomy":"category","embeddable":true,"href":"https:\/\/www.areabesos.com\/diario\/wp-json\/wp\/v2\/categories?post=9249"},{"taxonomy":"post_tag","embeddable":true,"href":"https:\/\/www.areabesos.com\/diario\/wp-json\/wp\/v2\/tags?post=9249"}],"curies":[{"name":"wp","href":"https:\/\/api.w.org\/{rel}","templated":true}]}}