{"id":9241,"date":"2025-11-26T09:30:02","date_gmt":"2025-11-26T08:30:02","guid":{"rendered":"https:\/\/www.areabesos.com\/diario\/?p=9241"},"modified":"2025-11-26T10:38:03","modified_gmt":"2025-11-26T09:38:03","slug":"sessio-de-curts-a-lateneu-adrianenc-dins-del-festival-internacional-de-films-de-dones","status":"publish","type":"post","link":"https:\/\/www.areabesos.com\/diario\/sessio-de-curts-a-lateneu-adrianenc-dins-del-festival-internacional-de-films-de-dones\/","title":{"rendered":"Sessi\u00f3 de curts a l&#8217;Ateneu Adrianenc dins del Festival Internacional de Films de Dones"},"content":{"rendered":"\n<p>Aquest proper dijous, 27 de novembre, a partir de les 19.30 hores, l&#8217;Ateneu Adrianenc acollir\u00e0 una sessi\u00f3 de curts dins del 33 Festival Internacional de Films de Dones de Barcelona. Concretament es projectar\u00e0 \u00abSimfonies de ciutat\u00bb, conformada pels curts \u00abAlgunos recuerdos no son m\u00edos\u00bb, de Rebecca Tolosa Gilroy, \u00abCasa de Bamb\u00fa piso de cemento\u00bb, de Kim Hern\u00e1ndez, \u00abLa barriga de la monta\u00f1a\u00bb, de Lola Clavo, \u00abLoquilla m\u00eda\u00bb, de Claudia Estrada Tarasc\u00f3, i \u00abSerem el que sempre hem desitjat\u00bb, de Hajar B. Boujtat.<\/p>\n\n\n\n<p>Despr\u00e9s de la projecci\u00f3 s&#8217;iniciar\u00e0 un debat amb les directores dels curts.   <\/p>\n","protected":false},"excerpt":{"rendered":"<p>Aquest proper dijous, 27 de novembre, a partir de les 19.30 hores, l&#8217;Ateneu Adrianenc acollir\u00e0 una sessi\u00f3 de curts dins del 33 Festival Internacional de Films de Dones de Barcelona. Concretament es projectar\u00e0 \u00abSimfonies de ciutat\u00bb, conformada pels curts \u00abAlgunos recuerdos no son m\u00edos\u00bb, de Rebecca Tolosa Gilroy, \u00abCasa de Bamb\u00fa piso de cemento\u00bb, de [&hellip;]<\/p>\n","protected":false},"author":1,"featured_media":9242,"comment_status":"closed","ping_status":"open","sticky":false,"template":"","format":"standard","meta":{"footnotes":""},"categories":[136],"tags":[],"class_list":{"0":"post-9241","1":"post","2":"type-post","3":"status-publish","4":"format-standard","5":"has-post-thumbnail","7":"category-cultura"},"_links":{"self":[{"href":"https:\/\/www.areabesos.com\/diario\/wp-json\/wp\/v2\/posts\/9241","targetHints":{"allow":["GET"]}}],"collection":[{"href":"https:\/\/www.areabesos.com\/diario\/wp-json\/wp\/v2\/posts"}],"about":[{"href":"https:\/\/www.areabesos.com\/diario\/wp-json\/wp\/v2\/types\/post"}],"author":[{"embeddable":true,"href":"https:\/\/www.areabesos.com\/diario\/wp-json\/wp\/v2\/users\/1"}],"replies":[{"embeddable":true,"href":"https:\/\/www.areabesos.com\/diario\/wp-json\/wp\/v2\/comments?post=9241"}],"version-history":[{"count":1,"href":"https:\/\/www.areabesos.com\/diario\/wp-json\/wp\/v2\/posts\/9241\/revisions"}],"predecessor-version":[{"id":9243,"href":"https:\/\/www.areabesos.com\/diario\/wp-json\/wp\/v2\/posts\/9241\/revisions\/9243"}],"wp:featuredmedia":[{"embeddable":true,"href":"https:\/\/www.areabesos.com\/diario\/wp-json\/wp\/v2\/media\/9242"}],"wp:attachment":[{"href":"https:\/\/www.areabesos.com\/diario\/wp-json\/wp\/v2\/media?parent=9241"}],"wp:term":[{"taxonomy":"category","embeddable":true,"href":"https:\/\/www.areabesos.com\/diario\/wp-json\/wp\/v2\/categories?post=9241"},{"taxonomy":"post_tag","embeddable":true,"href":"https:\/\/www.areabesos.com\/diario\/wp-json\/wp\/v2\/tags?post=9241"}],"curies":[{"name":"wp","href":"https:\/\/api.w.org\/{rel}","templated":true}]}}