{"id":9233,"date":"2025-11-24T12:26:11","date_gmt":"2025-11-24T11:26:11","guid":{"rendered":"https:\/\/www.areabesos.com\/diario\/?p=9233"},"modified":"2025-11-24T12:26:50","modified_gmt":"2025-11-24T11:26:50","slug":"mencion-honorifica-para-proteccion-civil","status":"publish","type":"post","link":"https:\/\/www.areabesos.com\/diario\/mencion-honorifica-para-proteccion-civil\/","title":{"rendered":"Menci\u00f3n Honor\u00edfica para Protecci\u00f3n Civil de Sant Adri\u00e0 de Bes\u00f2s"},"content":{"rendered":"\n<p>Ayer se llev\u00f3 a cabo la celebraci\u00f3n del D\u00eda de la Protecci\u00f3n Civil 2025 en el auditorio de Sant Cugat del Vall\u00e8s, un acto que reuni\u00f3 a m\u00e1s de 500 personas y cont\u00f3 con la presencia de la consellera d\u2019Interior i Seguretat P\u00fablica, Sra. N\u00faria Parlon Gil, y el M. Hble. Sr. Salvador Illa Roca, president de la Generalitat de Catalunya.<\/p>\n\n\n\n<p>Durante la ceremonia, la Asociaci\u00f3n Adrianenca de Voluntarios de Protecci\u00f3n Civil de Sant Adri\u00e0 de Bes\u00f2s recibi\u00f3 una menci\u00f3n honor\u00edfica por su participaci\u00f3n en la habilitaci\u00f3n y puesta en funcionamiento del centro log\u00edstico de donaciones destinado a los afectados por la DANA de Valencia.<\/p>\n\n\n\n<p>\u00abEste reconocimiento es un homenaje al esfuerzo y compromiso de nuestros voluntarios, que son un ejemplo de solidaridad y dedicaci\u00f3n. \u00a1Gracias por llevar el nombre de Sant Adri\u00e0 de Bes\u00f2s tan alto!\u00bb, reconocen desde la entidad adrianense.<\/p>\n\n\n\n<figure class=\"wp-block-gallery has-nested-images columns-default is-cropped td-modal-on-gallery wp-block-gallery-1 is-layout-flex wp-block-gallery-is-layout-flex\">\n<figure class=\"wp-block-image size-large\"><img loading=\"lazy\" decoding=\"async\" width=\"1200\" height=\"892\" data-id=\"9234\" src=\"https:\/\/www.areabesos.com\/diario\/wp-content\/uploads\/2025\/11\/mencionhonorifica04.jpg\" alt=\"\" class=\"wp-image-9234\"\/><\/figure>\n\n\n\n<figure class=\"wp-block-image size-large\"><img loading=\"lazy\" decoding=\"async\" width=\"1200\" height=\"801\" data-id=\"9235\" src=\"https:\/\/www.areabesos.com\/diario\/wp-content\/uploads\/2025\/11\/mencionhonorifica03.jpg\" alt=\"\" class=\"wp-image-9235\"\/><\/figure>\n\n\n\n<figure class=\"wp-block-image size-large\"><img loading=\"lazy\" decoding=\"async\" width=\"1200\" height=\"800\" data-id=\"9236\" src=\"https:\/\/www.areabesos.com\/diario\/wp-content\/uploads\/2025\/11\/mencionhonorifica02.jpg\" alt=\"\" class=\"wp-image-9236\"\/><\/figure>\n<\/figure>\n","protected":false},"excerpt":{"rendered":"<p>Ayer se llev\u00f3 a cabo la celebraci\u00f3n del D\u00eda de la Protecci\u00f3n Civil 2025 en el auditorio de Sant Cugat del Vall\u00e8s, un acto que reuni\u00f3 a m\u00e1s de 500 personas y cont\u00f3 con la presencia de la consellera d\u2019Interior i Seguretat P\u00fablica, Sra. N\u00faria Parlon Gil, y el M. Hble. Sr. Salvador Illa Roca, [&hellip;]<\/p>\n","protected":false},"author":2,"featured_media":9237,"comment_status":"closed","ping_status":"open","sticky":false,"template":"","format":"standard","meta":{"footnotes":""},"categories":[134],"tags":[],"class_list":{"0":"post-9233","1":"post","2":"type-post","3":"status-publish","4":"format-standard","5":"has-post-thumbnail","7":"category-actualitat"},"_links":{"self":[{"href":"https:\/\/www.areabesos.com\/diario\/wp-json\/wp\/v2\/posts\/9233","targetHints":{"allow":["GET"]}}],"collection":[{"href":"https:\/\/www.areabesos.com\/diario\/wp-json\/wp\/v2\/posts"}],"about":[{"href":"https:\/\/www.areabesos.com\/diario\/wp-json\/wp\/v2\/types\/post"}],"author":[{"embeddable":true,"href":"https:\/\/www.areabesos.com\/diario\/wp-json\/wp\/v2\/users\/2"}],"replies":[{"embeddable":true,"href":"https:\/\/www.areabesos.com\/diario\/wp-json\/wp\/v2\/comments?post=9233"}],"version-history":[{"count":2,"href":"https:\/\/www.areabesos.com\/diario\/wp-json\/wp\/v2\/posts\/9233\/revisions"}],"predecessor-version":[{"id":9239,"href":"https:\/\/www.areabesos.com\/diario\/wp-json\/wp\/v2\/posts\/9233\/revisions\/9239"}],"wp:featuredmedia":[{"embeddable":true,"href":"https:\/\/www.areabesos.com\/diario\/wp-json\/wp\/v2\/media\/9237"}],"wp:attachment":[{"href":"https:\/\/www.areabesos.com\/diario\/wp-json\/wp\/v2\/media?parent=9233"}],"wp:term":[{"taxonomy":"category","embeddable":true,"href":"https:\/\/www.areabesos.com\/diario\/wp-json\/wp\/v2\/categories?post=9233"},{"taxonomy":"post_tag","embeddable":true,"href":"https:\/\/www.areabesos.com\/diario\/wp-json\/wp\/v2\/tags?post=9233"}],"curies":[{"name":"wp","href":"https:\/\/api.w.org\/{rel}","templated":true}]}}