{"id":9231,"date":"2025-11-22T12:11:46","date_gmt":"2025-11-22T11:11:46","guid":{"rendered":"https:\/\/www.areabesos.com\/diario\/?p=9231"},"modified":"2025-11-24T12:21:50","modified_gmt":"2025-11-24T11:21:50","slug":"condenan-al-fiscal-para-complacer-a-un-felipe-vi-ofendido","status":"publish","type":"post","link":"https:\/\/www.areabesos.com\/diario\/condenan-al-fiscal-para-complacer-a-un-felipe-vi-ofendido\/","title":{"rendered":"Condenan al fiscal para complacer a un Felipe VI ofendido"},"content":{"rendered":"\n<p>El pasado 8 de septiembre el digital \u201cThe Objective\u201d, donde colaboran Felipe Gonz\u00e1lez y otros ex de los que m\u00e1s atacan a S\u00e1nchez, fue uno m\u00e1s de los muchos medios de comunicaci\u00f3n que publicaron una noticia con un p\u00e1rrafo como el que sigue o parecido, pero diciendo lo mismo, y que qui\u00e9n deber\u00eda desmentirlo no lo ha desmentido.<\/p>\n\n\n\n<p>\u201cEl l\u00edder del PP,&nbsp;<a href=\"https:\/\/theobjective.com\/etiqueta\/alberto-nunez-feijoo\/\">Alberto N\u00fa\u00f1ez Feij\u00f3o<\/a>, desvel\u00f3 este lunes que habl\u00f3 con la&nbsp;<a href=\"https:\/\/theobjective.com\/etiqueta\/casa-real\/\">Casa Real<\/a>&nbsp;para comunicarle su ausencia en la Apertura del A\u00f1o Judicial y que el&nbsp;<a href=\"https:\/\/theobjective.com\/etiqueta\/felipe-vi\/\">rey Felipe VI<\/a>, \u00aben su papel de moderaci\u00f3n\u00bb, le traslad\u00f3 que \u00abentend\u00eda\u00bb su decisi\u00f3n y \u00abtomaba nota\u00bb.\u201d<\/p>\n\n\n\n<p>El motivo de la ausencia de Feij\u00f3o a ese acto anual era la presencia en el mismo del hoy condenado FGE, \u00c1lvaro Garc\u00eda Ortiz, toda vez que ninguna ley ordenaba que el estar imputado impidiera su asistencia.<\/p>\n\n\n\n<p>Quienes s\u00ed tuvieron que soportar la humillaci\u00f3n de ver a Felipe VI sentado junto a quien ellos mismos juzgar\u00edan pocas semanas despu\u00e9s fueron el juez Marchena y el resto de los que han condenado al FGE.<\/p>\n\n\n\n<p>Quedamos a la espera de la sentencia, pero tambi\u00e9n de los votos particulares anunciados.<\/p>\n\n\n\n<p>Pero si me he puesto a escribir esto es porque no me cabe en la cabeza haber le\u00eddo y escuchado miles de palabras sobre la condena al FGE anunciada hace menos de dos d\u00edas y que nadie haya mencionado a Felipe VI, alguien que acostumbra a contar con \u201cvoceros\u201d para transmitir sus deseos. En septiembre de 2025 Feij\u00f3o y en septiembre de 2020 el entonces presidente del CGPJ Carlos Lesmes, a quien le dej\u00f3 decir que \u201cle habr\u00eda gustado mucho estar en Barcelona\u201d.<\/p>\n\n\n\n<p>Por cierto, que, hablando de Felipe VI, al menos este rey solo autoriza, y ya es grave, a pol\u00edticos o jueces para que hablen en su nombre, pues no debemos olvidar que en el Reino del Espa\u00f1a los deseos y las frustraciones de un monarca siempre son amenazas. Por ejemplo y sobre el anterior, su padre, aunque no se haya derogado la franquista Ley de Secretos Oficiales todo el mundo sabe que no par\u00f3 de intrigar con el general Armada y otros armados, valga la f\u00e1cil\u2026, hasta que consigui\u00f3 que Adolfo Su\u00e1rez dimitiera. Lo del 23F ocurri\u00f3 porque tanto complot se les fue de las manos.<\/p>\n\n\n\n<p>Escucho a muchos opinadores y polit\u00f3logos busc\u00e1ndole intenciones, sin duda con muy probable raz\u00f3n, a la coincidencia de una condena apresurada con la fecha del 20 de noviembre del primer medio siglo, pero olvidando siempre que hab\u00eda pendiente un desagravio al mayor nivel desde hac\u00eda dos meses y medio.<\/p>\n\n\n\n<p>Se\u00f1or Felipe VI y tambi\u00e9n siempre peligroso Mando Supremo de las Fuerzas Armadas, o MASUFA para abreviar y como si no tuvi\u00e9ramos un Ministerio de Defensa con el aval, aunque indirecto, de la voluntad popular, d\u00e9jeme decirle que desde que el 9 de mayo de 2022 Carmen Calvo nos cont\u00f3 que usted quer\u00eda seguir disfrutando del derecho a cometer delitos con total y absoluta impunidad, es decir, el mismo privilegio del que tanto goz\u00f3 su padre mientras reinaba, me importan un bledo las palabras de sus discursos porque cada d\u00eda que pasa en el Palacio de la Zarzuela corrompe un poco m\u00e1s la democracia.<\/p>\n\n\n\n<p>Esta \u201cvocera\u201d, antes vicepresidenta del Gobierno y hoy presidenta del Consejo de Estado, disfrutaba en aquel momento m\u00e1gico de libertad de expresi\u00f3n y le sali\u00f3 a usted contraria, pues tampoco se atrevi\u00f3 a ordenar que corrigiera sus declaraciones a El Pa\u00eds de aquella fecha.<\/p>\n\n\n\n<p>No fue poca cosa aquella verdad en medio de tanta mentira. A\u00fan sigue vigente porque a usted no le da la gana renunciar ni a ese privilegio, tan indecente.<\/p>\n\n\n\n<p><span style=\"background-color:#0a0000\" class=\"td_text_highlight_marker\">Domingo Sanz<\/span><\/p>\n\n\n\n<p><\/p>\n","protected":false},"excerpt":{"rendered":"<p>El pasado 8 de septiembre el digital \u201cThe Objective\u201d, donde colaboran Felipe Gonz\u00e1lez y otros ex de los que m\u00e1s atacan a S\u00e1nchez, fue uno m\u00e1s de los muchos medios de comunicaci\u00f3n que publicaron una noticia con un p\u00e1rrafo como el que sigue o parecido, pero diciendo lo mismo, y que qui\u00e9n deber\u00eda desmentirlo no [&hellip;]<\/p>\n","protected":false},"author":2,"featured_media":1539,"comment_status":"closed","ping_status":"open","sticky":false,"template":"","format":"standard","meta":{"footnotes":""},"categories":[139],"tags":[],"class_list":{"0":"post-9231","1":"post","2":"type-post","3":"status-publish","4":"format-standard","5":"has-post-thumbnail","7":"category-opinio"},"_links":{"self":[{"href":"https:\/\/www.areabesos.com\/diario\/wp-json\/wp\/v2\/posts\/9231","targetHints":{"allow":["GET"]}}],"collection":[{"href":"https:\/\/www.areabesos.com\/diario\/wp-json\/wp\/v2\/posts"}],"about":[{"href":"https:\/\/www.areabesos.com\/diario\/wp-json\/wp\/v2\/types\/post"}],"author":[{"embeddable":true,"href":"https:\/\/www.areabesos.com\/diario\/wp-json\/wp\/v2\/users\/2"}],"replies":[{"embeddable":true,"href":"https:\/\/www.areabesos.com\/diario\/wp-json\/wp\/v2\/comments?post=9231"}],"version-history":[{"count":1,"href":"https:\/\/www.areabesos.com\/diario\/wp-json\/wp\/v2\/posts\/9231\/revisions"}],"predecessor-version":[{"id":9232,"href":"https:\/\/www.areabesos.com\/diario\/wp-json\/wp\/v2\/posts\/9231\/revisions\/9232"}],"wp:featuredmedia":[{"embeddable":true,"href":"https:\/\/www.areabesos.com\/diario\/wp-json\/wp\/v2\/media\/1539"}],"wp:attachment":[{"href":"https:\/\/www.areabesos.com\/diario\/wp-json\/wp\/v2\/media?parent=9231"}],"wp:term":[{"taxonomy":"category","embeddable":true,"href":"https:\/\/www.areabesos.com\/diario\/wp-json\/wp\/v2\/categories?post=9231"},{"taxonomy":"post_tag","embeddable":true,"href":"https:\/\/www.areabesos.com\/diario\/wp-json\/wp\/v2\/tags?post=9231"}],"curies":[{"name":"wp","href":"https:\/\/api.w.org\/{rel}","templated":true}]}}