{"id":9221,"date":"2025-11-19T11:31:26","date_gmt":"2025-11-19T10:31:26","guid":{"rendered":"https:\/\/www.areabesos.com\/diario\/?p=9221"},"modified":"2025-11-24T10:48:03","modified_gmt":"2025-11-24T09:48:03","slug":"lacademia-3racte-de-sant-adria-torna-a-escena-amb-matilda-el-musical-aquest-cop-per-la-marato-de-tv3","status":"publish","type":"post","link":"https:\/\/www.areabesos.com\/diario\/lacademia-3racte-de-sant-adria-torna-a-escena-amb-matilda-el-musical-aquest-cop-per-la-marato-de-tv3\/","title":{"rendered":"L\u2019acad\u00e8mia 3rACTE de Sant Adri\u00e0 torna a escena amb \u201cMatilda, el musical\u201d, aquest cop per La Marat\u00f3 de TV3"},"content":{"rendered":"\n<p>Despr\u00e9s de l\u2019\u00e8xit de la seva estrena al Teatre El C\u00edrcol de Badalona, l\u2019acad\u00e8mia d\u2019arts esc\u00e8niques 3rACTE, amb seu a Sant Adri\u00e0 del Bes\u00f2s, torna a pujar a l\u2019escenari amb el seu muntatge de \u201cMatilda, el musical\u201d. Aquesta vegada, amb un prop\u00f2sit molt especial: col\u00b7laborar amb La Marat\u00f3 de 3CAT.<br>L\u2019espectacle es representar\u00e0 el diumenge 14 de desembre a les 18h al Teatre Ateneu Adrianenc (C\/ Andreu Vidal, 7 \u2013 Sant Adri\u00e0 del Bes\u00f2s). Tots els benefi cis de la funci\u00f3 es destinaran \u00edntegrament a La Marat\u00f3 de TV3, que aquest any centra els seus esfor\u00e7os en la prevenci\u00f3 i recerca pel c\u00e0ncer.<br>\u201cEns fa molta il\u00b7lusi\u00f3 poder aportar el nostre granet de sorra a una causa tan bonica. Els nostres alumnes han viscut aquest projecte amb una energia i una sensibilitat especials, sabent que el seu talent pot ajudar els altres\u201d, expliquen Eva i M\u00f2nica Gabarrell, directores de l\u2019acad\u00e8mia i responsables art\u00edstiques del muntatge.<\/p>\n\n\n\n<p><br><strong>Un musical amb \u00e0nima adrianenca<\/strong><br>La producci\u00f3 compta amb un repartiment de 15 joves artistes d\u2019entre 8 i 13 anys, sis d\u2019ells de Sant Adri\u00e0, formats a 3rACTE en disciplines com cant, jazz, claqu\u00e9 i interpretaci\u00f3. Aquesta nova representaci\u00f3 \u00e9s la culminaci\u00f3 d\u2019un treball continuat al llarg de tot l\u2019any, que combina formaci\u00f3 art\u00edstica amb valors com l\u2019esperit cr\u00edtic, la creativitat i la solidaritat.<br>El muntatge, basat en l\u2019obra original de Roald Dahl, s\u2019ha convertit en un s\u00edmbol del vincle entre art, educaci\u00f3 i comprom\u00eds social. L\u2019elecci\u00f3 de Matilda no \u00e9s casual: \u00e9s una hist\u00f2ria sobre la for\u00e7a interior, la intel\u00b7lig\u00e8ncia i la capacitat de canviar les coses, temes que connecten plenament amb els valors que promou La Marat\u00f3.<\/p>\n\n\n\n<div><a href=\"https:\/\/www.areabesos.com\/diario\/wp-content\/uploads\/2025\/11\/matilda3eracte.jpg\" class=\"td-modal-image\"><figure class=\"wp-block-image size-full\"><img loading=\"lazy\" decoding=\"async\" width=\"1200\" height=\"800\" src=\"https:\/\/www.areabesos.com\/diario\/wp-content\/uploads\/2025\/11\/matilda3eracte.jpg\" alt=\"\" class=\"wp-image-9223\"\/><\/figure><\/a><\/div>\n\n\n\n<p><br><strong>Equip art\u00edstic i creatiu<\/strong><br>La posada en escena \u00e9s obra de l\u2019equip docent de 3rACTE, liderat per Eva i M\u00f2nica Gabarrell, amb la direcci\u00f3 musical i arranjaments de Ferran Gonz\u00e1lez, la preparaci\u00f3 vocal d\u2019Eugenia Mir\u00e1s i les coreografi es d\u2019Eva Gabarrell amb la col\u00b7laboraci\u00f3 d\u2019Ana Bel\u00e9n \u00c1lvarez.<br>Des de l\u2019estrena del musical, els joves int\u00e8rprets han presentat fragments de l\u2019obra en diversos actes culturals i actualment estan gravant un \u00e0lbum amb les seves pr\u00f2pies veus, amb algunes de les can\u00e7ons m\u00e9s emblem\u00e0tiques del muntatge.<br>Una cita per a tota la fam\u00edlia<br>Matilda, el musical es podr\u00e0 veure el diumenge 14 de desembre a les 18h al Teatre Ateneu Adrianenc. Les entrades (15 \u20ac) estaran disponibles a partir de l\u20191 de desembre a 3rACTE, de dilluns a dijous de 17 h a 20 h. Es tracta d\u2019un espectacle apte per a totes les edats, ideal per gaudir-lo en fam\u00edlia mentre es col\u00b7labora amb una causa solid\u00e0ria.<\/p>\n\n\n\n<p><br><strong>Una producci\u00f3 amb valors<\/strong><br>Amb aquesta nova representaci\u00f3, 3rACTE reafi rma el seu comprom\u00eds amb la formaci\u00f3 art\u00edstica i amb la societat.<br>\u201cL\u2019art pot transformar i sensibilitzar. Volem que els nostres alumnes entenguin que la cultura tamb\u00e9 \u00e9s una eina per ajudar i generar canvis\u201d, destaquen des de la direcci\u00f3 de l\u2019acad\u00e8mia.<\/p>\n","protected":false},"excerpt":{"rendered":"<p>Despr\u00e9s de l\u2019\u00e8xit de la seva estrena al Teatre El C\u00edrcol de Badalona, l\u2019acad\u00e8mia d\u2019arts esc\u00e8niques 3rACTE, amb seu a Sant Adri\u00e0 del Bes\u00f2s, torna a pujar a l\u2019escenari amb el seu muntatge de \u201cMatilda, el musical\u201d. Aquesta vegada, amb un prop\u00f2sit molt especial: col\u00b7laborar amb La Marat\u00f3 de 3CAT.L\u2019espectacle es representar\u00e0 el diumenge 14 [&hellip;]<\/p>\n","protected":false},"author":2,"featured_media":9222,"comment_status":"closed","ping_status":"open","sticky":false,"template":"","format":"standard","meta":{"footnotes":""},"categories":[136],"tags":[],"class_list":{"0":"post-9221","1":"post","2":"type-post","3":"status-publish","4":"format-standard","5":"has-post-thumbnail","7":"category-cultura"},"_links":{"self":[{"href":"https:\/\/www.areabesos.com\/diario\/wp-json\/wp\/v2\/posts\/9221","targetHints":{"allow":["GET"]}}],"collection":[{"href":"https:\/\/www.areabesos.com\/diario\/wp-json\/wp\/v2\/posts"}],"about":[{"href":"https:\/\/www.areabesos.com\/diario\/wp-json\/wp\/v2\/types\/post"}],"author":[{"embeddable":true,"href":"https:\/\/www.areabesos.com\/diario\/wp-json\/wp\/v2\/users\/2"}],"replies":[{"embeddable":true,"href":"https:\/\/www.areabesos.com\/diario\/wp-json\/wp\/v2\/comments?post=9221"}],"version-history":[{"count":2,"href":"https:\/\/www.areabesos.com\/diario\/wp-json\/wp\/v2\/posts\/9221\/revisions"}],"predecessor-version":[{"id":9229,"href":"https:\/\/www.areabesos.com\/diario\/wp-json\/wp\/v2\/posts\/9221\/revisions\/9229"}],"wp:featuredmedia":[{"embeddable":true,"href":"https:\/\/www.areabesos.com\/diario\/wp-json\/wp\/v2\/media\/9222"}],"wp:attachment":[{"href":"https:\/\/www.areabesos.com\/diario\/wp-json\/wp\/v2\/media?parent=9221"}],"wp:term":[{"taxonomy":"category","embeddable":true,"href":"https:\/\/www.areabesos.com\/diario\/wp-json\/wp\/v2\/categories?post=9221"},{"taxonomy":"post_tag","embeddable":true,"href":"https:\/\/www.areabesos.com\/diario\/wp-json\/wp\/v2\/tags?post=9221"}],"curies":[{"name":"wp","href":"https:\/\/api.w.org\/{rel}","templated":true}]}}