{"id":9218,"date":"2025-11-19T11:04:52","date_gmt":"2025-11-19T10:04:52","guid":{"rendered":"https:\/\/www.areabesos.com\/diario\/?p=9218"},"modified":"2025-11-19T11:04:54","modified_gmt":"2025-11-19T10:04:54","slug":"nova-edicio-de-la-ruta-tapa-de-tardor-2","status":"publish","type":"post","link":"https:\/\/www.areabesos.com\/diario\/nova-edicio-de-la-ruta-tapa-de-tardor-2\/","title":{"rendered":"Nova edici\u00f3 de la Ruta Tapa de Tardor"},"content":{"rendered":"\n<p>Sant Adri\u00e0 de Bes\u00f2s torna a celebrar una de les seves tradicions m\u00e9s saboroses amb la&nbsp;<strong>Ruta Tapa de Tardor 2025<\/strong>. Del&nbsp;<strong>27 al 30 de novembre de 2025<\/strong>, les adrianenques i adrianencs podran gaudir d\u2019una experi\u00e8ncia gastron\u00f2mica \u00fanica que inclou tapes elaborades amb molta creativitat pels bars i restaurants locals.<\/p>\n\n\n\n<h3 class=\"wp-block-heading\"><strong>Qu\u00e8 \u00e9s la Ruta Tapa?<\/strong><\/h3>\n\n\n\n<p>La Ruta de la Tapa \u00e9s un esdeveniment que convida tothom a visitar els establiments participants, tastar les tapes especials preparades per a l\u2019ocasi\u00f3 i gaudir d\u2019una oferta gastron\u00f2mica variada i deliciosa. Aquesta edici\u00f3 de tardor promet oferir una selecci\u00f3 de plats originals pensats per sorprendre els paladars.<\/p>\n\n\n\n<h3 class=\"wp-block-heading\"><strong>Com funciona la participaci\u00f3?<\/strong><\/h3>\n\n\n\n<p>1\ufe0f\u20e3&nbsp;<strong>Visiteu els establiments<\/strong>&nbsp;que formen part de la Ruta de la Tapa i proveu les tapes especials que han creat per a l\u2019esdeveniment. Per veure els establiments participants clica&nbsp;<a href=\"https:\/\/www.google.com\/maps\/d\/edit?mid=1yb_qbh06m1eqGLmWlT4zcEiSbDNIWSo&amp;usp=sharing\">aqu\u00ed<\/a>.<br>2\ufe0f\u20e3 Per cada tapa tastada, obtindreu un segell a la&nbsp;<a href=\"https:\/\/www.sant-adria.cat\/sant-adria-per-temes\/comerc-i-mercats\/noticies\/Dp_RutaTapa_Tar25_imp.pdf\">cartilla de participaci\u00f3<\/a>.<br>3\ufe0f\u20e3 Un cop aconseguiu&nbsp;<strong>un m\u00ednim de 3 segells<\/strong>, podreu participar en el sorteig de&nbsp;<strong>3 premis valorats en fins a 100 \u20ac<\/strong>.<\/p>\n\n\n\n<h3 class=\"wp-block-heading\"><strong>Una votaci\u00f3 per escollir les millors tapes<\/strong><\/h3>\n\n\n\n<p>A m\u00e9s de tastar i gaudir de les tapes, els participants tamb\u00e9 tindran l\u2019oportunitat de&nbsp;<strong>valorar les tapes<\/strong>&nbsp;que m\u00e9s els agradin, puntuant-les de l\u20191 al 3. Aquesta valoraci\u00f3 ajudar\u00e0 a determinar quines tapes es consideren les millors de l\u2019edici\u00f3.<\/p>\n\n\n\n<h3 class=\"wp-block-heading\"><strong>Participa al sorteig d&#8217;Instagram<\/strong><\/h3>\n\n\n\n<p><strong>1\ufe0f\u20e3Publica una hist\u00f2ria a Instagram amb la foto de la tapa, especificant el nom de l&#8217;establiment participant.<\/strong><\/p>\n\n\n\n<p><strong>2\ufe0f\u20e3Comen\u00e7a a seguir el compte de l&#8217;Ajuntament a Instagram&nbsp;<\/strong>@ajuntamentsantadria<strong><\/strong><\/p>\n\n\n\n<p><strong>3\ufe0f\u20e3Comparteix amb el compte @ajuntamentsantadria<\/strong><\/p>\n\n\n\n<p>Un cop finalitzada la Ruta, es far\u00e0 un sorteig i el guanyador rebr\u00e0 un lot de productes valorat en 80\u20ac.<\/p>\n\n\n\n<h3 class=\"wp-block-heading\"><strong>Un esdeveniment per gaudir en bona companyia<\/strong><\/h3>\n\n\n\n<p>La Ruta de la Tapa \u00e9s una oportunitat per sortir i con\u00e8ixer els establiments de Sant Adri\u00e0 al mateix temps que afavorim el comer\u00e7 local.<\/p>\n\n\n\n<p>Aquesta edici\u00f3 de la Ruta Tapa de Tardor us espera amb una oferta variada i una gran festa de sabors. Tots els ve\u00efns i ve\u00efnes s\u00f3n convidats a viure aquesta experi\u00e8ncia que combina gastronomia, tradici\u00f3 i diversi\u00f3 a Sant Adri\u00e0. I a m\u00e9s, el diumenge 30 de novembre de 12.30h a 13:45h hi haur\u00e0 una actuaci\u00f3 musical-cercavila pels bars participants amb els&nbsp;<strong><em>Stemple Bar<\/em><\/strong>.<\/p>\n","protected":false},"excerpt":{"rendered":"<p>Sant Adri\u00e0 de Bes\u00f2s torna a celebrar una de les seves tradicions m\u00e9s saboroses amb la&nbsp;Ruta Tapa de Tardor 2025. Del&nbsp;27 al 30 de novembre de 2025, les adrianenques i adrianencs podran gaudir d\u2019una experi\u00e8ncia gastron\u00f2mica \u00fanica que inclou tapes elaborades amb molta creativitat pels bars i restaurants locals. Qu\u00e8 \u00e9s la Ruta Tapa? La [&hellip;]<\/p>\n","protected":false},"author":2,"featured_media":9219,"comment_status":"closed","ping_status":"open","sticky":false,"template":"","format":"standard","meta":{"footnotes":""},"categories":[134],"tags":[],"class_list":{"0":"post-9218","1":"post","2":"type-post","3":"status-publish","4":"format-standard","5":"has-post-thumbnail","7":"category-actualitat"},"_links":{"self":[{"href":"https:\/\/www.areabesos.com\/diario\/wp-json\/wp\/v2\/posts\/9218","targetHints":{"allow":["GET"]}}],"collection":[{"href":"https:\/\/www.areabesos.com\/diario\/wp-json\/wp\/v2\/posts"}],"about":[{"href":"https:\/\/www.areabesos.com\/diario\/wp-json\/wp\/v2\/types\/post"}],"author":[{"embeddable":true,"href":"https:\/\/www.areabesos.com\/diario\/wp-json\/wp\/v2\/users\/2"}],"replies":[{"embeddable":true,"href":"https:\/\/www.areabesos.com\/diario\/wp-json\/wp\/v2\/comments?post=9218"}],"version-history":[{"count":1,"href":"https:\/\/www.areabesos.com\/diario\/wp-json\/wp\/v2\/posts\/9218\/revisions"}],"predecessor-version":[{"id":9220,"href":"https:\/\/www.areabesos.com\/diario\/wp-json\/wp\/v2\/posts\/9218\/revisions\/9220"}],"wp:featuredmedia":[{"embeddable":true,"href":"https:\/\/www.areabesos.com\/diario\/wp-json\/wp\/v2\/media\/9219"}],"wp:attachment":[{"href":"https:\/\/www.areabesos.com\/diario\/wp-json\/wp\/v2\/media?parent=9218"}],"wp:term":[{"taxonomy":"category","embeddable":true,"href":"https:\/\/www.areabesos.com\/diario\/wp-json\/wp\/v2\/categories?post=9218"},{"taxonomy":"post_tag","embeddable":true,"href":"https:\/\/www.areabesos.com\/diario\/wp-json\/wp\/v2\/tags?post=9218"}],"curies":[{"name":"wp","href":"https:\/\/api.w.org\/{rel}","templated":true}]}}