{"id":9215,"date":"2025-11-18T10:47:57","date_gmt":"2025-11-18T09:47:57","guid":{"rendered":"https:\/\/www.areabesos.com\/diario\/?p=9215"},"modified":"2025-11-19T10:48:46","modified_gmt":"2025-11-19T09:48:46","slug":"consulta-publica-sobre-el-pla-daccio-de-soroll-de-sant-adria-de-besos-fase-iv-2024-2029","status":"publish","type":"post","link":"https:\/\/www.areabesos.com\/diario\/consulta-publica-sobre-el-pla-daccio-de-soroll-de-sant-adria-de-besos-fase-iv-2024-2029\/","title":{"rendered":"Consulta p\u00fablica sobre el Pla d\u2019acci\u00f3 de soroll de Sant Adri\u00e0 de Bes\u00f2s Fase IV (2024-2029)"},"content":{"rendered":"\n<p>L\u2019Ajuntament de Sant Adri\u00e0 de Bes\u00f2s inicia l\u2019elaboraci\u00f3 del Pla de millora de la qualitat ac\u00fastica (Fase IV, 2024-2029), que donar\u00e0 continu\u00eftat a les actuacions realitzades en la fase anterior (2018-2023) i al nou Mapa estrat\u00e8gic de soroll \u2013 Fase IV (2022-2027).<\/p>\n\n\n\n<p>L\u2019objectiu del Pla \u00e9s reduir l\u2019exposici\u00f3 de la poblaci\u00f3 al soroll ambiental i millorar la qualitat ac\u00fastica del municipi, mitjan\u00e7ant actuacions sobre la mobilitat, l\u2019espai p\u00fablic, les infraestructures i la planificaci\u00f3 urbana.<\/p>\n\n\n\n<p>Amb la finalitat de recollir les aportacions de la ciutadania al futur Pla d\u2019acci\u00f3 de soroll, &nbsp;es realitza una consulta p\u00fablica, disponible a la&nbsp;<a href=\"https:\/\/participa311-santadria.diba.cat\/processes\/ConsutaPublicaSoroll\" target=\"_blank\" rel=\"noreferrer noopener\">Plataforma Decidim per Sant Adri\u00e0.<\/a><\/p>\n\n\n\n<p>Fins el dia 1 de desembre, us podeu informar amb la documentaci\u00f3n disponible i podeu fer propostes.&nbsp;<\/p>\n\n\n\n<p>Les aportacions recollides seran valorades i respostes pel personal t\u00e8cnic de l&#8217;equip redactor, a fi de determinar la seva possible introducci\u00f3 al document. Totes les propostes seran incorporades a la documentaci\u00f3 de la tramitaci\u00f3.<\/p>\n\n\n\n<p>A partir del mes de gener, es publicar\u00e0 el Pla d\u2019Acci\u00f3 que s\u2019ha de remetre a la Generalitat per la seva aprovaci\u00f3.<\/p>\n\n\n\n<p>Aquesta consulta t\u00e9 car\u00e0cter informatiu i participatiu, per\u00f2 no \u00e9s vinculant.<\/p>\n","protected":false},"excerpt":{"rendered":"<p>L\u2019Ajuntament de Sant Adri\u00e0 de Bes\u00f2s inicia l\u2019elaboraci\u00f3 del Pla de millora de la qualitat ac\u00fastica (Fase IV, 2024-2029), que donar\u00e0 continu\u00eftat a les actuacions realitzades en la fase anterior (2018-2023) i al nou Mapa estrat\u00e8gic de soroll \u2013 Fase IV (2022-2027). L\u2019objectiu del Pla \u00e9s reduir l\u2019exposici\u00f3 de la poblaci\u00f3 al soroll ambiental i [&hellip;]<\/p>\n","protected":false},"author":2,"featured_media":9216,"comment_status":"closed","ping_status":"open","sticky":false,"template":"","format":"standard","meta":{"footnotes":""},"categories":[135],"tags":[],"class_list":{"0":"post-9215","1":"post","2":"type-post","3":"status-publish","4":"format-standard","5":"has-post-thumbnail","7":"category-societat"},"_links":{"self":[{"href":"https:\/\/www.areabesos.com\/diario\/wp-json\/wp\/v2\/posts\/9215","targetHints":{"allow":["GET"]}}],"collection":[{"href":"https:\/\/www.areabesos.com\/diario\/wp-json\/wp\/v2\/posts"}],"about":[{"href":"https:\/\/www.areabesos.com\/diario\/wp-json\/wp\/v2\/types\/post"}],"author":[{"embeddable":true,"href":"https:\/\/www.areabesos.com\/diario\/wp-json\/wp\/v2\/users\/2"}],"replies":[{"embeddable":true,"href":"https:\/\/www.areabesos.com\/diario\/wp-json\/wp\/v2\/comments?post=9215"}],"version-history":[{"count":1,"href":"https:\/\/www.areabesos.com\/diario\/wp-json\/wp\/v2\/posts\/9215\/revisions"}],"predecessor-version":[{"id":9217,"href":"https:\/\/www.areabesos.com\/diario\/wp-json\/wp\/v2\/posts\/9215\/revisions\/9217"}],"wp:featuredmedia":[{"embeddable":true,"href":"https:\/\/www.areabesos.com\/diario\/wp-json\/wp\/v2\/media\/9216"}],"wp:attachment":[{"href":"https:\/\/www.areabesos.com\/diario\/wp-json\/wp\/v2\/media?parent=9215"}],"wp:term":[{"taxonomy":"category","embeddable":true,"href":"https:\/\/www.areabesos.com\/diario\/wp-json\/wp\/v2\/categories?post=9215"},{"taxonomy":"post_tag","embeddable":true,"href":"https:\/\/www.areabesos.com\/diario\/wp-json\/wp\/v2\/tags?post=9215"}],"curies":[{"name":"wp","href":"https:\/\/api.w.org\/{rel}","templated":true}]}}