{"id":9212,"date":"2025-11-19T10:45:37","date_gmt":"2025-11-19T09:45:37","guid":{"rendered":"https:\/\/www.areabesos.com\/diario\/?p=9212"},"modified":"2025-11-19T10:45:39","modified_gmt":"2025-11-19T09:45:39","slug":"presentacio-del-llibre-tot-allo-que-vindra-i-debat-sobre-la-immigracio-avui-dins-de-la-setmana-de-la-unesco","status":"publish","type":"post","link":"https:\/\/www.areabesos.com\/diario\/presentacio-del-llibre-tot-allo-que-vindra-i-debat-sobre-la-immigracio-avui-dins-de-la-setmana-de-la-unesco\/","title":{"rendered":"Presentaci\u00f3 del llibre \u00abTot all\u00f2 que vindr\u00e0\u00bb i debat sobre la immigraci\u00f3 avui dins de la setmana de la Unesco"},"content":{"rendered":"\n<p>La Biblioteca Sant Adri\u00e0 acull aquesta tarda la presentaci\u00f3 del llibre \u00abTot all\u00f2 que vindr\u00e0\u00bb, de la Imma Boj, directora del Museu d&#8217;Hist\u00f2ria de la Immigraci\u00f3 de Catalunya. L&#8217;acte, que forma part de la setmana de la Unesco 2025, comen\u00e7ar\u00e0 a les 18 hores i servir\u00e0 tamb\u00e9 per parlar sobre la immigraci\u00f3 avui amb la participaci\u00f3 de la Conxita Rocabayera, presidenta d&#8217;Unesco Sant Adri\u00e0, Sandra Pardo, t\u00e9cnica de Pol\u00edtiques Migrat\u00f2ries de l&#8217;Ajuntament de Sant Adri\u00e0 de Bes\u00f2s, i la mateixa Imma Boj. La tert\u00falia ser\u00e0 moderada per la Montserrat Espuga, directora de la Biblioteca Sant Adri\u00e0. <\/p>\n","protected":false},"excerpt":{"rendered":"<p>La Biblioteca Sant Adri\u00e0 acull aquesta tarda la presentaci\u00f3 del llibre \u00abTot all\u00f2 que vindr\u00e0\u00bb, de la Imma Boj, directora del Museu d&#8217;Hist\u00f2ria de la Immigraci\u00f3 de Catalunya. L&#8217;acte, que forma part de la setmana de la Unesco 2025, comen\u00e7ar\u00e0 a les 18 hores i servir\u00e0 tamb\u00e9 per parlar sobre la immigraci\u00f3 avui amb la [&hellip;]<\/p>\n","protected":false},"author":1,"featured_media":9213,"comment_status":"closed","ping_status":"open","sticky":false,"template":"","format":"standard","meta":{"footnotes":""},"categories":[136],"tags":[],"class_list":{"0":"post-9212","1":"post","2":"type-post","3":"status-publish","4":"format-standard","5":"has-post-thumbnail","7":"category-cultura"},"_links":{"self":[{"href":"https:\/\/www.areabesos.com\/diario\/wp-json\/wp\/v2\/posts\/9212","targetHints":{"allow":["GET"]}}],"collection":[{"href":"https:\/\/www.areabesos.com\/diario\/wp-json\/wp\/v2\/posts"}],"about":[{"href":"https:\/\/www.areabesos.com\/diario\/wp-json\/wp\/v2\/types\/post"}],"author":[{"embeddable":true,"href":"https:\/\/www.areabesos.com\/diario\/wp-json\/wp\/v2\/users\/1"}],"replies":[{"embeddable":true,"href":"https:\/\/www.areabesos.com\/diario\/wp-json\/wp\/v2\/comments?post=9212"}],"version-history":[{"count":1,"href":"https:\/\/www.areabesos.com\/diario\/wp-json\/wp\/v2\/posts\/9212\/revisions"}],"predecessor-version":[{"id":9214,"href":"https:\/\/www.areabesos.com\/diario\/wp-json\/wp\/v2\/posts\/9212\/revisions\/9214"}],"wp:featuredmedia":[{"embeddable":true,"href":"https:\/\/www.areabesos.com\/diario\/wp-json\/wp\/v2\/media\/9213"}],"wp:attachment":[{"href":"https:\/\/www.areabesos.com\/diario\/wp-json\/wp\/v2\/media?parent=9212"}],"wp:term":[{"taxonomy":"category","embeddable":true,"href":"https:\/\/www.areabesos.com\/diario\/wp-json\/wp\/v2\/categories?post=9212"},{"taxonomy":"post_tag","embeddable":true,"href":"https:\/\/www.areabesos.com\/diario\/wp-json\/wp\/v2\/tags?post=9212"}],"curies":[{"name":"wp","href":"https:\/\/api.w.org\/{rel}","templated":true}]}}