{"id":9208,"date":"2025-11-19T10:37:27","date_gmt":"2025-11-19T09:37:27","guid":{"rendered":"https:\/\/www.areabesos.com\/diario\/?p=9208"},"modified":"2025-11-19T10:37:29","modified_gmt":"2025-11-19T09:37:29","slug":"en-marxa-la-4a-edicio-demprenedona-centrada-en-limpuls-de-les-competencies-digitals","status":"publish","type":"post","link":"https:\/\/www.areabesos.com\/diario\/en-marxa-la-4a-edicio-demprenedona-centrada-en-limpuls-de-les-competencies-digitals\/","title":{"rendered":"En marxa la 4a edici\u00f3 d\u2019Emprenedona, centrada en l\u2019impuls de les compet\u00e8ncies digitals"},"content":{"rendered":"\n<p>L\u2019Ajuntament de Sant Adri\u00e0 de Bes\u00f2s, juntament amb l\u2019Ajuntament de Santa Coloma de Gramenet i amb el finan\u00e7ament de la Diputaci\u00f3 de Barcelona, posa en marxa la quarta edici\u00f3 d\u2019Emprenedona, un programa d\u2019acompanyament adre\u00e7at a dones emprenedores, empres\u00e0ries i directives del territori. L\u2019objectiu \u00e9s refor\u00e7ar el seu lideratge, potenciar les habilitats professionals i donar impuls als seus projectes.<\/p>\n\n\n\n<p>Aquesta nova edici\u00f3 incorpora diverses novetats. La m\u00e9s destacada \u00e9s el focus espec\u00edfic en l\u2019impuls de les compet\u00e8ncies digitals, una aposta per reduir la bretxa de g\u00e8nere en aquest \u00e0mbit i oferir eines clau per al desenvolupament professional. El programa tamb\u00e9 s\u2019allarga en el temps i presenta un doble itinerari formatiu: un dissenyat per a dones que volen iniciar o consolidar una idea emprenedora, i un altre pensat per a empres\u00e0ries amb projectes m\u00e9s madurs o dones en c\u00e0rrecs directius.<\/p>\n\n\n\n<p>Des de la seva creaci\u00f3, Emprenedona ha acompanyat m\u00e9s d\u2019una cinquantena de participants, oferint un recorregut complet que combina formaci\u00f3, assessorament especialitzat, mentoria i espais de creixement personal. Cada participant rep un acompanyament individualitzat adaptat al moment i als objectius del seu projecte.<\/p>\n\n\n\n<p>Per donar a con\u00e8ixer totes les novetats de la quarta edici\u00f3, s\u2019ha programat una sessi\u00f3 informativa virtual el proper&nbsp;<strong>26 de novembre, de 9.30 a 10.30 hores<\/strong>, coincidint amb el Dia Internacional de l\u2019Eliminaci\u00f3 de la Viol\u00e8ncia contra les Dones. Durant la sessi\u00f3 es presentaran els itineraris, s\u2019explicaran les experi\u00e8ncies d\u2019edicions anteriors i es respondran dubtes.<\/p>\n\n\n\n<p>Les persones interessades poden inscriure\u2019s a trav\u00e9s&nbsp;<a href=\"https:\/\/www.sant-adria.cat\/sant-adria-per-temes\/promocio-economica\/formularis-dinscripcio\/sessio_informativa_PROGRAMAEMPRENEDONA\" target=\"_blank\" rel=\"noreferrer noopener\">d\u2019aquest enlla\u00e7<\/a>&nbsp;o b\u00e9 escrivint a&nbsp;<strong><a>empresaiemprenedoria@sant-adria.net<\/a><\/strong>. Tamb\u00e9 es pot contactar telef\u00f2nicament al&nbsp;<strong>663 815 679<\/strong>.<\/p>\n","protected":false},"excerpt":{"rendered":"<p>L\u2019Ajuntament de Sant Adri\u00e0 de Bes\u00f2s, juntament amb l\u2019Ajuntament de Santa Coloma de Gramenet i amb el finan\u00e7ament de la Diputaci\u00f3 de Barcelona, posa en marxa la quarta edici\u00f3 d\u2019Emprenedona, un programa d\u2019acompanyament adre\u00e7at a dones emprenedores, empres\u00e0ries i directives del territori. L\u2019objectiu \u00e9s refor\u00e7ar el seu lideratge, potenciar les habilitats professionals i donar impuls [&hellip;]<\/p>\n","protected":false},"author":2,"featured_media":9210,"comment_status":"closed","ping_status":"open","sticky":false,"template":"","format":"standard","meta":{"footnotes":""},"categories":[134],"tags":[],"class_list":{"0":"post-9208","1":"post","2":"type-post","3":"status-publish","4":"format-standard","5":"has-post-thumbnail","7":"category-actualitat"},"_links":{"self":[{"href":"https:\/\/www.areabesos.com\/diario\/wp-json\/wp\/v2\/posts\/9208","targetHints":{"allow":["GET"]}}],"collection":[{"href":"https:\/\/www.areabesos.com\/diario\/wp-json\/wp\/v2\/posts"}],"about":[{"href":"https:\/\/www.areabesos.com\/diario\/wp-json\/wp\/v2\/types\/post"}],"author":[{"embeddable":true,"href":"https:\/\/www.areabesos.com\/diario\/wp-json\/wp\/v2\/users\/2"}],"replies":[{"embeddable":true,"href":"https:\/\/www.areabesos.com\/diario\/wp-json\/wp\/v2\/comments?post=9208"}],"version-history":[{"count":1,"href":"https:\/\/www.areabesos.com\/diario\/wp-json\/wp\/v2\/posts\/9208\/revisions"}],"predecessor-version":[{"id":9211,"href":"https:\/\/www.areabesos.com\/diario\/wp-json\/wp\/v2\/posts\/9208\/revisions\/9211"}],"wp:featuredmedia":[{"embeddable":true,"href":"https:\/\/www.areabesos.com\/diario\/wp-json\/wp\/v2\/media\/9210"}],"wp:attachment":[{"href":"https:\/\/www.areabesos.com\/diario\/wp-json\/wp\/v2\/media?parent=9208"}],"wp:term":[{"taxonomy":"category","embeddable":true,"href":"https:\/\/www.areabesos.com\/diario\/wp-json\/wp\/v2\/categories?post=9208"},{"taxonomy":"post_tag","embeddable":true,"href":"https:\/\/www.areabesos.com\/diario\/wp-json\/wp\/v2\/tags?post=9208"}],"curies":[{"name":"wp","href":"https:\/\/api.w.org\/{rel}","templated":true}]}}