{"id":9202,"date":"2025-11-17T10:47:23","date_gmt":"2025-11-17T09:47:23","guid":{"rendered":"https:\/\/www.areabesos.com\/diario\/?p=9202"},"modified":"2025-11-17T10:47:26","modified_gmt":"2025-11-17T09:47:26","slug":"cordes-narratives-un-concert-per-gaudir-del-so-de-violins-i-violoncels","status":"publish","type":"post","link":"https:\/\/www.areabesos.com\/diario\/cordes-narratives-un-concert-per-gaudir-del-so-de-violins-i-violoncels\/","title":{"rendered":"\u201cCordes narratives\u201d, un concert per gaudir del so de violins i violoncels"},"content":{"rendered":"\n<p><em>Cordes narratives<\/em>&nbsp;\u00e9s un viatge sonor on les cordes prenen la paraula. Aquest concert pedag\u00f2gic explora com el violins i els violoncels han estat narradors privilegiats de les grans emocions, des dels teatres d&#8217;\u00f2pera del segle XIX fins a les bandes sonores del set\u00e8 art, el cinema.<\/p>\n\n\n\n<p>El concert recorrer\u00e0 moments inoblidables com la passi\u00f3 de&nbsp;<em>Carmen<\/em>&nbsp;de Bizet, la fantasia de Harry Potter i el misteri d\u2019<em>El fantasma de l&#8217;\u00f2pera<\/em>, entre d&#8217;altres.<\/p>\n\n\n\n<p>Un espectacle proper i am\u00e8, ideal per a tots els p\u00fablics, que uneix m\u00fasica en viu i relat per demostrar que les cordes tamb\u00e9 saben parlar.<\/p>\n\n\n\n<p>El concert tindr\u00e0 lloc a les 20 hores a l&#8217;Ateneu Adrianenc, al carrer d\u2019Andreu Vidal, 7.&nbsp;L\u2019entrada ser\u00e0 gratu\u00efta i&nbsp;<strong>la recollida d\u2019invitacions comen\u00e7ar\u00e0 el dia 10 de novembre a l\u2019Escola de M\u00fasica, de 16 a 20 h.<\/strong><\/p>\n\n\n\n<p><\/p>\n","protected":false},"excerpt":{"rendered":"<p>Cordes narratives&nbsp;\u00e9s un viatge sonor on les cordes prenen la paraula. Aquest concert pedag\u00f2gic explora com el violins i els violoncels han estat narradors privilegiats de les grans emocions, des dels teatres d&#8217;\u00f2pera del segle XIX fins a les bandes sonores del set\u00e8 art, el cinema. El concert recorrer\u00e0 moments inoblidables com la passi\u00f3 de&nbsp;Carmen&nbsp;de [&hellip;]<\/p>\n","protected":false},"author":2,"featured_media":9203,"comment_status":"closed","ping_status":"open","sticky":false,"template":"","format":"standard","meta":{"footnotes":""},"categories":[136],"tags":[],"class_list":{"0":"post-9202","1":"post","2":"type-post","3":"status-publish","4":"format-standard","5":"has-post-thumbnail","7":"category-cultura"},"_links":{"self":[{"href":"https:\/\/www.areabesos.com\/diario\/wp-json\/wp\/v2\/posts\/9202","targetHints":{"allow":["GET"]}}],"collection":[{"href":"https:\/\/www.areabesos.com\/diario\/wp-json\/wp\/v2\/posts"}],"about":[{"href":"https:\/\/www.areabesos.com\/diario\/wp-json\/wp\/v2\/types\/post"}],"author":[{"embeddable":true,"href":"https:\/\/www.areabesos.com\/diario\/wp-json\/wp\/v2\/users\/2"}],"replies":[{"embeddable":true,"href":"https:\/\/www.areabesos.com\/diario\/wp-json\/wp\/v2\/comments?post=9202"}],"version-history":[{"count":1,"href":"https:\/\/www.areabesos.com\/diario\/wp-json\/wp\/v2\/posts\/9202\/revisions"}],"predecessor-version":[{"id":9204,"href":"https:\/\/www.areabesos.com\/diario\/wp-json\/wp\/v2\/posts\/9202\/revisions\/9204"}],"wp:featuredmedia":[{"embeddable":true,"href":"https:\/\/www.areabesos.com\/diario\/wp-json\/wp\/v2\/media\/9203"}],"wp:attachment":[{"href":"https:\/\/www.areabesos.com\/diario\/wp-json\/wp\/v2\/media?parent=9202"}],"wp:term":[{"taxonomy":"category","embeddable":true,"href":"https:\/\/www.areabesos.com\/diario\/wp-json\/wp\/v2\/categories?post=9202"},{"taxonomy":"post_tag","embeddable":true,"href":"https:\/\/www.areabesos.com\/diario\/wp-json\/wp\/v2\/tags?post=9202"}],"curies":[{"name":"wp","href":"https:\/\/api.w.org\/{rel}","templated":true}]}}