{"id":9171,"date":"2025-10-28T12:28:45","date_gmt":"2025-10-28T11:28:45","guid":{"rendered":"https:\/\/www.areabesos.com\/diario\/?p=9171"},"modified":"2025-10-31T12:30:56","modified_gmt":"2025-10-31T11:30:56","slug":"historia-els-vells","status":"publish","type":"post","link":"https:\/\/www.areabesos.com\/diario\/historia-els-vells\/","title":{"rendered":"Hist\u00f2ria (els \u201cvells\u201d)"},"content":{"rendered":"\n<p>Tenia 9 anys i cada dia anava a Barcelona a estudiar batxillerat. Agaf\u00e0vem el tramvia 71, com era el final de trajecte sempre an\u00e0vem asseguts, per\u00f2 durava poc, ja que en les pr\u00f2ximes parades pujaven \u201cvells-as\u201d.<br>Com est\u00e0vem ben educats, ens aixec\u00e0vem i els deix\u00e0vem asseure, tamb\u00e9 a les senyores&nbsp;embarassades o amb nens. Doncs b\u00e9 han passat m\u00e9s de 70 anys.<br>Un dia era a l&#8217;hospital esperant visita, una dona de 40 anys em va dir assegui&#8217;s vost\u00e8. Em vaig donar un ensurt? Qu\u00e8 passa .. a mi em diuen que em senti, si estic fet un noi i faig la vertical amb les mans en el s\u00f2l, camino&nbsp;kil\u00f2metres. B\u00e8, ho comento amb la meva esposa, i em va dir &#8230;veus com ets major. Aquesta va ser la primera vegada que em passa. Despr\u00e9s m&#8217;han passat moltes vegades m\u00e9s.Tamb\u00e9 vull dir que jo encara m&#8217;aixeco per a deixar asseure&#8217;s als majors, encara que puc dir que aquesta joventut molts abaixen la vista per a no aixecar-se. Els \u201cvells\u201d que hi ha ara no s\u00f3n com els de quan jo era jove. Alguns fins busquen nuvi o n\u00favia, segurament no envelleixen mai, fins que un dia els diguin assegui&#8217;s senyor. Espero que no s&#8217;espantin.<\/p>\n\n\n\n<p><span style=\"background-color:#0d0000\" class=\"td_text_highlight_marker\">Josep Meg\u00edas<\/span><\/p>\n","protected":false},"excerpt":{"rendered":"<p>Tenia 9 anys i cada dia anava a Barcelona a estudiar batxillerat. Agaf\u00e0vem el tramvia 71, com era el final de trajecte sempre an\u00e0vem asseguts, per\u00f2 durava poc, ja que en les pr\u00f2ximes parades pujaven \u201cvells-as\u201d.Com est\u00e0vem ben educats, ens aixec\u00e0vem i els deix\u00e0vem asseure, tamb\u00e9 a les senyores&nbsp;embarassades o amb nens. Doncs b\u00e9 han [&hellip;]<\/p>\n","protected":false},"author":2,"featured_media":9172,"comment_status":"closed","ping_status":"open","sticky":false,"template":"","format":"standard","meta":{"footnotes":""},"categories":[139],"tags":[],"class_list":{"0":"post-9171","1":"post","2":"type-post","3":"status-publish","4":"format-standard","5":"has-post-thumbnail","7":"category-opinio"},"_links":{"self":[{"href":"https:\/\/www.areabesos.com\/diario\/wp-json\/wp\/v2\/posts\/9171","targetHints":{"allow":["GET"]}}],"collection":[{"href":"https:\/\/www.areabesos.com\/diario\/wp-json\/wp\/v2\/posts"}],"about":[{"href":"https:\/\/www.areabesos.com\/diario\/wp-json\/wp\/v2\/types\/post"}],"author":[{"embeddable":true,"href":"https:\/\/www.areabesos.com\/diario\/wp-json\/wp\/v2\/users\/2"}],"replies":[{"embeddable":true,"href":"https:\/\/www.areabesos.com\/diario\/wp-json\/wp\/v2\/comments?post=9171"}],"version-history":[{"count":1,"href":"https:\/\/www.areabesos.com\/diario\/wp-json\/wp\/v2\/posts\/9171\/revisions"}],"predecessor-version":[{"id":9173,"href":"https:\/\/www.areabesos.com\/diario\/wp-json\/wp\/v2\/posts\/9171\/revisions\/9173"}],"wp:featuredmedia":[{"embeddable":true,"href":"https:\/\/www.areabesos.com\/diario\/wp-json\/wp\/v2\/media\/9172"}],"wp:attachment":[{"href":"https:\/\/www.areabesos.com\/diario\/wp-json\/wp\/v2\/media?parent=9171"}],"wp:term":[{"taxonomy":"category","embeddable":true,"href":"https:\/\/www.areabesos.com\/diario\/wp-json\/wp\/v2\/categories?post=9171"},{"taxonomy":"post_tag","embeddable":true,"href":"https:\/\/www.areabesos.com\/diario\/wp-json\/wp\/v2\/tags?post=9171"}],"curies":[{"name":"wp","href":"https:\/\/api.w.org\/{rel}","templated":true}]}}