{"id":9145,"date":"2025-10-27T12:52:24","date_gmt":"2025-10-27T11:52:24","guid":{"rendered":"https:\/\/www.areabesos.com\/diario\/?p=9145"},"modified":"2025-10-27T12:52:26","modified_gmt":"2025-10-27T11:52:26","slug":"direxis-tusgsal-commemora-40-anys-doperacions-i-referma-el-seu-model-deconomia-social","status":"publish","type":"post","link":"https:\/\/www.areabesos.com\/diario\/direxis-tusgsal-commemora-40-anys-doperacions-i-referma-el-seu-model-deconomia-social\/","title":{"rendered":"DIREXIS TUSGSAL commemora 40 anys d\u2019operacions i referma el seu model d\u2019economia social"},"content":{"rendered":"\n<p>El <strong>25 d\u2019octubre de 1985<\/strong> van sortir al carrer <strong>els primers autobusos<\/strong> operats per l\u2019actual DIREXIS TUSGSAL. Quaranta anys despr\u00e9s, la companyia ho ha commemorat amb un <strong>acte institucional<\/strong> al restaurant <strong>Sal Groga<\/strong>, a <strong>DIREXIS P\u00e0del<\/strong>, per reivindicar l\u2019\u00e8xit d\u2019un <strong>model d\u2019economia social<\/strong> que ha fet cr\u00e9ixer el transport urb\u00e0 al Barcelon\u00e8s Nord en termes d\u2019abast i qualitat.<\/p>\n\n\n\n<p>L\u2019esdeveniment ha comptat amb la participaci\u00f3 del president del Consell d\u2019Administraci\u00f3 de DIREXIS TUSGSAL, <strong>Federico Llobet<\/strong>, de <strong>Xavier Garc\u00eda Albiol<\/strong>, alcalde de Badalona, <strong>de Filo Ca\u00f1ete<\/strong>, alcaldessa de Sant Adri\u00e0 de Bes\u00f2s, d\u2019<strong>Andreu Absil<\/strong>, alcalde de Montgat, i d\u2019<strong>Isaac Salvatierra<\/strong>, alcalde de Tiana.<\/p>\n\n\n\n<p>I \u00e9s que l\u2019any 1985, <strong>117 socis fundadors<\/strong> procedents de l\u2019antiga TUSA van impulsar una <strong>societat an\u00f2nima laboral (SAL)<\/strong> on la <strong>majoria de les persones treballadores tamb\u00e9 s\u00f3n accionistes<\/strong>. Aquell <strong>projecte col\u00b7lectiu<\/strong> va assegurar la continu\u00eftat del servei i, ben aviat, va assumir la gesti\u00f3 del transport p\u00fablic metropolit\u00e0 de l\u2019AMB, iniciant una traject\u00f2ria sostinguda de <strong>servei, arrelament i comprom\u00eds<\/strong> amb el territori.<\/p>\n\n\n\n<p>A aquesta llarga traject\u00f2ria va fer refer\u00e8ncia <strong>Federico Llobet<\/strong>, president del Consell d\u2019Administraci\u00f3 de DIREXIS TUSGSAL, durant la seva intervenci\u00f3: \u201cCelebrem la nostra hist\u00f2ria mirant cap al futur: estem immersos en una<strong> etapa de canvis<\/strong> que ens permetran continuar donant un servei d\u2019excel\u00b7l\u00e8ncia\u201d. \u201cL\u2019empresa <strong>t\u00e9 molta vida al davant <\/strong>i \u00e9s gr\u00e0cies a totes les persones que hi confien: treballadors i treballadores, persones usu\u00e0ries i administracions\u201d.<\/p>\n\n\n\n<p>Per part d\u2019aquestes mateixes administracions, <strong>Isaac Salvatierra<\/strong>, alcalde de Tiana, va ser el primer a prendre la paraula: \u201cDe DIREXIS TUSGSAL cal destacar <strong>el servei de qualitat que dona al territori<\/strong>, tot complint amb el dret essencial que \u00e9s la mobilitat\u201d.<\/p>\n\n\n\n<p>En aquest sentit,<strong> Andreu Absil<\/strong>, alcalde de Montgat, va remarcar que \u201cel transport p\u00fablic \u00e9s m\u00e9s que un servei: \u00e9s una <strong>aut\u00e8ntica xarxa social entre el ve\u00efnat<\/strong>, i comptar amb DIREXIS TUSGSAL en aquesta tasca ens proporciona absoluta tranquil\u00b7litat\u201d.<\/p>\n\n\n\n<p>Per a <strong>Filo Ca\u00f1ete<\/strong>, alcaldessa de Sant Adri\u00e0 de Bes\u00f2s, DIREXIS TUSGSAL ofereix \u201cun valor afegit com a empresa amb <strong>fort esperit social i de cooperativa<\/strong>\u201d. \u201cAquest comprom\u00eds dels seus treballadors i treballadores es demostra en <strong>l\u2019alt nivell del servei que presta la companyia<\/strong>\u201d, va assenyalar.<\/p>\n\n\n\n<p><strong>Xavier Garc\u00eda Albiol<\/strong>, alcalde de Badalona, va coincidir en el comprom\u00eds dels treballadors i treballadores de l\u2019empresa i va afirmar que \u201cBadalona no s\u2019ent\u00e9n sense DIREXIS TUSGSAL, que ha format part de l\u2019evoluci\u00f3 i la modernitzaci\u00f3 de la ciutat\u201d.<\/p>\n\n\n\n<p>En els darrers anys, la companyia ha accelerat la seva evoluci\u00f3: el 2022 va llan\u00e7ar la marca <strong>DIREXIS<\/strong>, fita que ha refor\u00e7at la diversificaci\u00f3 i l\u2019abast del grup; el 2024 va <strong>renovar el contracte del servei del Barcelon\u00e8s Nord <\/strong>i el 2025 ha culminat un salt d\u2019escala d\u2019infraestructura amb <strong>l\u2019obertura de les cotxeres de 26.000 m\u00b2 a les Guixeres i del taller de Can Rib\u00f3<\/strong>, que aporten capacitat operativa i efici\u00e8ncies per a la flota. La companyia gestiona 41 l\u00ednies, compta amb una plantilla de 1.000 persones i registra m\u00e9s de 52 milions de viatges anuals, situant-se com a operador privat de refer\u00e8ncia en el transport urb\u00e0.<\/p>\n\n\n\n<p>El seu <strong>equip hum\u00e0 \u00e9s el principal actiu de l\u2019organitzaci\u00f3<\/strong>, que aposta per la formaci\u00f3 cont\u00ednua i una cultura compartida basada en la vocaci\u00f3 de servei, valors que han perm\u00e8s diversificar l\u2019activitat i contribuir a la consolidaci\u00f3 del grup DIREXIS.<\/p>\n","protected":false},"excerpt":{"rendered":"<p>El 25 d\u2019octubre de 1985 van sortir al carrer els primers autobusos operats per l\u2019actual DIREXIS TUSGSAL. Quaranta anys despr\u00e9s, la companyia ho ha commemorat amb un acte institucional al restaurant Sal Groga, a DIREXIS P\u00e0del, per reivindicar l\u2019\u00e8xit d\u2019un model d\u2019economia social que ha fet cr\u00e9ixer el transport urb\u00e0 al Barcelon\u00e8s Nord en termes [&hellip;]<\/p>\n","protected":false},"author":2,"featured_media":9146,"comment_status":"closed","ping_status":"open","sticky":false,"template":"","format":"standard","meta":{"footnotes":""},"categories":[134,142],"tags":[],"class_list":{"0":"post-9145","1":"post","2":"type-post","3":"status-publish","4":"format-standard","5":"has-post-thumbnail","7":"category-actualitat","8":"category-comarca"},"_links":{"self":[{"href":"https:\/\/www.areabesos.com\/diario\/wp-json\/wp\/v2\/posts\/9145","targetHints":{"allow":["GET"]}}],"collection":[{"href":"https:\/\/www.areabesos.com\/diario\/wp-json\/wp\/v2\/posts"}],"about":[{"href":"https:\/\/www.areabesos.com\/diario\/wp-json\/wp\/v2\/types\/post"}],"author":[{"embeddable":true,"href":"https:\/\/www.areabesos.com\/diario\/wp-json\/wp\/v2\/users\/2"}],"replies":[{"embeddable":true,"href":"https:\/\/www.areabesos.com\/diario\/wp-json\/wp\/v2\/comments?post=9145"}],"version-history":[{"count":1,"href":"https:\/\/www.areabesos.com\/diario\/wp-json\/wp\/v2\/posts\/9145\/revisions"}],"predecessor-version":[{"id":9147,"href":"https:\/\/www.areabesos.com\/diario\/wp-json\/wp\/v2\/posts\/9145\/revisions\/9147"}],"wp:featuredmedia":[{"embeddable":true,"href":"https:\/\/www.areabesos.com\/diario\/wp-json\/wp\/v2\/media\/9146"}],"wp:attachment":[{"href":"https:\/\/www.areabesos.com\/diario\/wp-json\/wp\/v2\/media?parent=9145"}],"wp:term":[{"taxonomy":"category","embeddable":true,"href":"https:\/\/www.areabesos.com\/diario\/wp-json\/wp\/v2\/categories?post=9145"},{"taxonomy":"post_tag","embeddable":true,"href":"https:\/\/www.areabesos.com\/diario\/wp-json\/wp\/v2\/tags?post=9145"}],"curies":[{"name":"wp","href":"https:\/\/api.w.org\/{rel}","templated":true}]}}