{"id":9139,"date":"2025-10-21T10:43:21","date_gmt":"2025-10-21T08:43:21","guid":{"rendered":"https:\/\/www.areabesos.com\/diario\/?p=9139"},"modified":"2025-10-23T10:47:11","modified_gmt":"2025-10-23T08:47:11","slug":"fallece-domingo-soto-exconcejal-socialista-del-ayuntamiento-de-sant-adria","status":"publish","type":"post","link":"https:\/\/www.areabesos.com\/diario\/fallece-domingo-soto-exconcejal-socialista-del-ayuntamiento-de-sant-adria\/","title":{"rendered":"Fallece Domingo Soto, exconcejal socialista del Ayuntamiento de Sant Adri\u00e0"},"content":{"rendered":"\n<p>Hoy ha fallecido Domingo Soto, el que fuera concejal responsable del \u00c0rea de Hacienda del Ayuntamiento de Sant Adri\u00e0 durante los primeros a\u00f1os de Jes\u00fas Canga. Padre de la tambi\u00e9n exconcejala del consistorio Ruth Soto, el PSC de Sant Adri\u00e0 le ha despedido en redes sociales como una persona \u00abcomprometida con los valores socialistas y determinada a trabajar por su querida Sant Adri\u00e0\u00bb.<\/p>\n\n\n\n<p>El funeral se llevar\u00e1 a cabo este jueves, 23 de octubre, a las 11 horas, en el Tanatori Litoral. Descanse en Paz. <\/p>\n","protected":false},"excerpt":{"rendered":"<p>Hoy ha fallecido Domingo Soto, el que fuera concejal responsable del \u00c0rea de Hacienda del Ayuntamiento de Sant Adri\u00e0 durante los primeros a\u00f1os de Jes\u00fas Canga. Padre de la tambi\u00e9n exconcejala del consistorio Ruth Soto, el PSC de Sant Adri\u00e0 le ha despedido en redes sociales como una persona \u00abcomprometida con los valores socialistas y [&hellip;]<\/p>\n","protected":false},"author":1,"featured_media":9140,"comment_status":"closed","ping_status":"open","sticky":false,"template":"","format":"standard","meta":{"footnotes":""},"categories":[134],"tags":[],"class_list":{"0":"post-9139","1":"post","2":"type-post","3":"status-publish","4":"format-standard","5":"has-post-thumbnail","7":"category-actualitat"},"_links":{"self":[{"href":"https:\/\/www.areabesos.com\/diario\/wp-json\/wp\/v2\/posts\/9139","targetHints":{"allow":["GET"]}}],"collection":[{"href":"https:\/\/www.areabesos.com\/diario\/wp-json\/wp\/v2\/posts"}],"about":[{"href":"https:\/\/www.areabesos.com\/diario\/wp-json\/wp\/v2\/types\/post"}],"author":[{"embeddable":true,"href":"https:\/\/www.areabesos.com\/diario\/wp-json\/wp\/v2\/users\/1"}],"replies":[{"embeddable":true,"href":"https:\/\/www.areabesos.com\/diario\/wp-json\/wp\/v2\/comments?post=9139"}],"version-history":[{"count":1,"href":"https:\/\/www.areabesos.com\/diario\/wp-json\/wp\/v2\/posts\/9139\/revisions"}],"predecessor-version":[{"id":9141,"href":"https:\/\/www.areabesos.com\/diario\/wp-json\/wp\/v2\/posts\/9139\/revisions\/9141"}],"wp:featuredmedia":[{"embeddable":true,"href":"https:\/\/www.areabesos.com\/diario\/wp-json\/wp\/v2\/media\/9140"}],"wp:attachment":[{"href":"https:\/\/www.areabesos.com\/diario\/wp-json\/wp\/v2\/media?parent=9139"}],"wp:term":[{"taxonomy":"category","embeddable":true,"href":"https:\/\/www.areabesos.com\/diario\/wp-json\/wp\/v2\/categories?post=9139"},{"taxonomy":"post_tag","embeddable":true,"href":"https:\/\/www.areabesos.com\/diario\/wp-json\/wp\/v2\/tags?post=9139"}],"curies":[{"name":"wp","href":"https:\/\/api.w.org\/{rel}","templated":true}]}}